{"id":314168,"date":"2025-08-12T15:08:03","date_gmt":"2025-08-12T15:08:03","guid":{"rendered":"https:\/\/www.europesays.com\/fr\/314168\/"},"modified":"2025-08-12T15:08:03","modified_gmt":"2025-08-12T15:08:03","slug":"jours-de-fete-venez-danser-2","status":"publish","type":"post","link":"https:\/\/www.europesays.com\/fr\/314168\/","title":{"rendered":"Jours de f\u00eate : venez danser !"},"content":{"rendered":"<p class=\"chapo\">Vendredi 15, samedi 16 et dimanche 17 ao\u00fbt \u00e0 Rouen, participez aux ateliers de danse propos\u00e9s par Nicolas Maloufi, cr\u00e9ateur de la compagnie Little House.<\/p>\n<p>Le festival Jours de f\u00eate continue d&rsquo;animer votre \u00e9t\u00e9. <strong>Vendredi 15, samedi 16 et dimanche 17 ao\u00fbt, vous allez vous d\u00e9hancher sur l&rsquo;esplanade Marcel-Duchamp \u00e0 Rouen. Les ateliers sont gratuits, ouverts \u00e0 tous pour vous initier au tango argentin, au lindy hop et \u00e0 la chacarera.<\/strong>\u00a0<\/p>\n<p>Les s\u00e9ances de danse sont propos\u00e9es par Nicolas Maloufi, cr\u00e9ateur de la compagnie Little House. Dipl\u00f4m\u00e9 en \u00e9tudes sup\u00e9rieures de sociologie, Nicolas Maloufi a travaill\u00e9 dans un institut d\u2019\u00e9tudes. \u00ab \u00c0 32 ans, j\u2019ai n\u00e9goci\u00e9 mon d\u00e9part pour me consacrer enti\u00e8rement \u00e0 la danse. \u00bb Une reconversion professionnelle qui est le fruit d\u2019un long cheminement. \u00ab J\u2019ai d\u00e9couvert par hasard la musique argentine lors de concerts. J\u2019ai commenc\u00e9 \u00e0 apprendre le tango puis la danse contemporaine. J\u2019ai pris des cours pendant de nombreuses ann\u00e9es. J\u2019avais le soutien de mes pairs. Cela m\u2019a encourag\u00e9 \u00e0 poursuivre et \u00e0 envisager une carri\u00e8re professionnelle de chor\u00e9graphe. \u00bb Il devient finaliste d\u2019un concours pour un projet en solo et encha\u00eene les spectacles. En 2015, il cr\u00e9e sa compagnie Little house et propose des ateliers de danse contemporaine aupr\u00e8s d\u2019\u00e9l\u00e8ves en \u00e9cole primaire ou de personnes en situation de handicap. Je m\u2019adapte \u00e0 leur niveau de<br \/>concentration et de disponibilit\u00e9. Je commence les ateliers par des exercices techniques pour une meilleure conscience de son corps, ses limites et comment envisager l\u2019autre et se d\u00e9placer dans l\u2019espace. <strong>Avec le \u201cGrand bal\u201d on donne les outils pour se retrouver tous ensemble autour de la danse. Il y a aussi deux s\u00e9ances de flash mob avec une chor\u00e9graphie simple sur une musique connue<\/strong>. Des moments de partage interg\u00e9n\u00e9rationnel autour de la danse.\u00a0\u00bb<\/p>\n<p><strong>ATELIERS<\/strong><br \/>Esplanade Marcel-Duchamp \u00e0 Rouen<\/p>\n<p><strong>Vendredi 15 ao\u00fbt<\/strong><br \/>17h-18h : chacarera<br \/>18h15-19h15 : lindy hop<br \/>19h30-21h : tango argentin<\/p>\n<p><strong>Samedi 16 ao\u00fbt<\/strong><br \/>16h-17h : flash mob<br \/>17h15-18h15 : lindy hop<br \/>18h30-20h : tango argentin<br \/>20h15-21h15 : chacarera<\/p>\n<p><strong>Dimanche 17 ao\u00fbt<\/strong><br \/>10h30-12h : tango argentin<br \/>12h15-13h15 : lindy hop<br \/>13h15-14h30 : d\u00e9jeuner partag\u00e9<br \/>14h30-15h30 : chacarera<br \/>16h-17h : flash mob<\/p>\n<p>Dimanche 17 ao\u00fbt \u00e0 19h : Le Grand bal, esplanade Marcel-Duchamp \u00e0 Rouen<\/p>\n","protected":false},"excerpt":{"rendered":"Vendredi 15, samedi 16 et dimanche 17 ao\u00fbt \u00e0 Rouen, participez aux ateliers de danse propos\u00e9s par Nicolas&hellip;\n","protected":false},"author":2,"featured_media":313928,"comment_status":"","ping_status":"","sticky":false,"template":"","format":"standard","meta":{"footnotes":""},"categories":[9587],"tags":[1111,11,1777,674,1011,27,12,5161,25,9590],"class_list":{"0":"post-314168","1":"post","2":"type-post","3":"status-publish","4":"format-standard","5":"has-post-thumbnail","7":"category-rouen","8":"tag-actu","9":"tag-actualites","10":"tag-eu","11":"tag-europe","12":"tag-fr","13":"tag-france","14":"tag-news","15":"tag-normandie","16":"tag-republique-francaise","17":"tag-rouen"},"share_on_mastodon":{"url":"https:\/\/pubeurope.com\/@fr\/115016427503886798","error":""},"_links":{"self":[{"href":"https:\/\/www.europesays.com\/fr\/wp-json\/wp\/v2\/posts\/314168","targetHints":{"allow":["GET"]}}],"collection":[{"href":"https:\/\/www.europesays.com\/fr\/wp-json\/wp\/v2\/posts"}],"about":[{"href":"https:\/\/www.europesays.com\/fr\/wp-json\/wp\/v2\/types\/post"}],"author":[{"embeddable":true,"href":"https:\/\/www.europesays.com\/fr\/wp-json\/wp\/v2\/users\/2"}],"replies":[{"embeddable":true,"href":"https:\/\/www.europesays.com\/fr\/wp-json\/wp\/v2\/comments?post=314168"}],"version-history":[{"count":0,"href":"https:\/\/www.europesays.com\/fr\/wp-json\/wp\/v2\/posts\/314168\/revisions"}],"wp:featuredmedia":[{"embeddable":true,"href":"https:\/\/www.europesays.com\/fr\/wp-json\/wp\/v2\/media\/313928"}],"wp:attachment":[{"href":"https:\/\/www.europesays.com\/fr\/wp-json\/wp\/v2\/media?parent=314168"}],"wp:term":[{"taxonomy":"category","embeddable":true,"href":"https:\/\/www.europesays.com\/fr\/wp-json\/wp\/v2\/categories?post=314168"},{"taxonomy":"post_tag","embeddable":true,"href":"https:\/\/www.europesays.com\/fr\/wp-json\/wp\/v2\/tags?post=314168"}],"curies":[{"name":"wp","href":"https:\/\/api.w.org\/{rel}","templated":true}]}}