{"id":314169,"date":"2025-08-12T15:09:10","date_gmt":"2025-08-12T15:09:10","guid":{"rendered":"https:\/\/www.europesays.com\/fr\/314169\/"},"modified":"2025-08-12T15:09:10","modified_gmt":"2025-08-12T15:09:10","slug":"football-deux-offres-pour-acheter-le-fc-rouen-le-president-du-club-tarkan-ser-les-decline","status":"publish","type":"post","link":"https:\/\/www.europesays.com\/fr\/314169\/","title":{"rendered":"Football\u00a0: deux offres pour acheter le FC Rouen, le pr\u00e9sident du club Tarkan Ser les d\u00e9cline"},"content":{"rendered":"<p>Un groupe d&rsquo;investisseurs locaux a fait deux offres au pr\u00e9sident du FC Rouen pour acheter le club. Une premi\u00e8re offre autour de 2.5 millions d&rsquo;euros mi-mai et une seconde autour de 4 millions d&rsquo;euros quinze jours plus tard. Tarkan Ser, le pr\u00e9sident du FCR les a d\u00e9clin\u00e9es.<\/p>\n<p>Les supporters du FC Rouen le savent, l&rsquo;actualit\u00e9 ne s&rsquo;arr\u00eate jamais autour de leur club de football et encore plus depuis la reprise du FCR en juin 2024, par\u00a0<a class=\"IciLink ici-link IciArticleLink g-ici-body-regular-1 underline brand svelte-lu7k6w\" href=\"https:\/\/www.francebleu.fr\/sports\/football\/qui-est-tarkan-ser-le-nouveau-proprietaire-du-fc-rouen-4885917\" rel=\"nofollow noopener\" target=\"_blank\">Tarkan Ser<\/a>. Un groupe d&rsquo;investisseurs rouennais impliqu\u00e9 dans le football a fait deux offres de reprise au pr\u00e9sident du FCR pour acheter le club. Une premi\u00e8re offre autour de <strong>2.5 millions d&rsquo;euros<\/strong> en mai dernier et une deuxi\u00e8me <strong>autour de 4 millions<\/strong>, deux semaines plus tard.<\/p>\n<p>Pas d&rsquo;autres offres de reprise, pour le groupe d&rsquo;investisseurs<\/p>\n<p>Ces investisseurs rouennais se compte sur les doigts d&rsquo;une main, d&rsquo;apr\u00e8s les informations d&rsquo;<a class=\"IciLink ici-link IciArticleLink g-ici-body-regular-1 underline brand svelte-lu7k6w\" href=\"https:\/\/www.francebleu.fr\/radio\/normandie-rouen\" rel=\"nofollow noopener\" target=\"_blank\">ICI Normandie<\/a>. C&rsquo;est ce m\u00eame groupe qui avait d\u00e9j\u00e0, au moment o\u00f9 le club \u00e9tait proche du\u00a0<a class=\"IciLink ici-link IciArticleLink g-ici-body-regular-1 underline brand svelte-lu7k6w\" href=\"https:\/\/www.francebleu.fr\/sports\/football\/fc-rouen-on-a-45-jours-pour-sauver-le-club-ce-qu-il-faut-retenir-de-la-conference-de-presse-de-charles-maarek-2267220\" rel=\"nofollow noopener\" target=\"_blank\">d\u00e9p\u00f4t de bilan<\/a>\u00a0en 2024, manifest\u00e9 un vif int\u00e9r\u00eat pour sa reprise. Cette fois, deux offres ont atterri sur le bureau de Tarkan Ser coup sur coup. \u00ab\u00a0Il y a mieux \u00e0 faire\u00a0\u00bb, r\u00e9sume de mani\u00e8re tr\u00e8s succincte l&rsquo;un des acteurs de ce dossier qui nous confirme <strong>ces deux nouvelles offres de reprises<\/strong> sans pour autant nous pr\u00e9ciser la teneur de leur projet avec le club.<\/p>\n<p>Elles ont toutes <strong>les deux \u00e9t\u00e9 d\u00e9clin\u00e9es<\/strong> par le pr\u00e9sident du\u00a0<a class=\"IciLink ici-link IciArticleLink g-ici-body-regular-1 underline brand svelte-lu7k6w\" href=\"https:\/\/www.francebleu.fr\/infos\/economie-social\/buvette-billetterie-espace-vip-quelles-consequences-pour-le-fc-rouen-en-jouant-a-huis-clos-4306020\" rel=\"nofollow noopener\" target=\"_blank\">FC Rouen<\/a>. La garde rapproch\u00e9e de Tarkan Ser le confirme \u00e0 <strong>ICI Normandie<\/strong>. D&rsquo;apr\u00e8s plusieurs sources, le pr\u00e9sident du FCR en demande le double, soit 8 millions d&rsquo;euros. \u00ab\u00a0Il ne vendra pas en dessous\u00a0\u00bb, nous confie un de ses proches. \u00ab\u00a0Il n&rsquo;y aura pas d&rsquo;autres offres de notre part\u00a0\u00bb, ajoute l&rsquo;un des acteurs de ce groupe d&rsquo;investisseurs locaux qui a fait ces nouvelles offres au pr\u00e9sident du FC Rouen.<\/p>\n<p>Ce groupe d&rsquo;investisseurs comme la M\u00e9tropole de Rouen suivent de tr\u00e8s pr\u00e8s ce dossier. Plusieurs acteurs impliqu\u00e9s dans le football rouennais nous affirment que si les r\u00e9sultats sportifs ne sont pas au rendez-vous, Tarkan Ser pourrait envisager de vendre le club d\u00e8s cet hiver. Ce que d\u00e9ment l&rsquo;entourage du pr\u00e9sident du FC Rouen. \u00ab\u00a0Il est engag\u00e9 avec le club\u00a0 jusqu&rsquo;\u00e0 la fin de la saison\u00a0\u00bb, nous fait-on savoir.<\/p>\n<p>Tarkan Ser, lui-m\u00eame lors de son\u00a0<a class=\"IciLink ici-link IciArticleLink g-ici-body-regular-1 underline brand svelte-lu7k6w\" href=\"https:\/\/www.francebleu.fr\/sports\/football\/fc-rouen-on-continue-de-rever-de-la-ligue-2-l-actionnaire-turc-tarkan-ser-reaffirme-ses-ambitions-pour-le-club-3950372\" rel=\"nofollow noopener\" target=\"_blank\">unique prise de parole<\/a>\u00a0dans la presse en f\u00e9vrier dernier, avait r\u00e9affirm\u00e9 son implication dans le club avec ses quelque 6 millions d&rsquo;euros inject\u00e9s. \u00ab\u00a0Le club n&rsquo;est pas \u00e0 vendre\u00a0\u00bb, disait-il \u00e0 l&rsquo;\u00e9poque. Mais toujours selon un de ses proches, \u00ab\u00a0le championnat de National qui va s&rsquo;appeler prochainement la Ligue 3, \u00e7a ne l&rsquo;int\u00e9resse pas, ce qu&rsquo;il veut, c&rsquo;est la Ligue 2\u00a0\u00bb.<\/p>\n","protected":false},"excerpt":{"rendered":"Un groupe d&rsquo;investisseurs locaux a fait deux offres au pr\u00e9sident du FC Rouen pour acheter le club. Une&hellip;\n","protected":false},"author":2,"featured_media":314170,"comment_status":"","ping_status":"","sticky":false,"template":"","format":"standard","meta":{"footnotes":""},"categories":[9587],"tags":[1111,11,1777,674,1011,27,12,5161,25,9590],"class_list":{"0":"post-314169","1":"post","2":"type-post","3":"status-publish","4":"format-standard","5":"has-post-thumbnail","7":"category-rouen","8":"tag-actu","9":"tag-actualites","10":"tag-eu","11":"tag-europe","12":"tag-fr","13":"tag-france","14":"tag-news","15":"tag-normandie","16":"tag-republique-francaise","17":"tag-rouen"},"share_on_mastodon":{"url":"https:\/\/pubeurope.com\/@fr\/115016431366107494","error":""},"_links":{"self":[{"href":"https:\/\/www.europesays.com\/fr\/wp-json\/wp\/v2\/posts\/314169","targetHints":{"allow":["GET"]}}],"collection":[{"href":"https:\/\/www.europesays.com\/fr\/wp-json\/wp\/v2\/posts"}],"about":[{"href":"https:\/\/www.europesays.com\/fr\/wp-json\/wp\/v2\/types\/post"}],"author":[{"embeddable":true,"href":"https:\/\/www.europesays.com\/fr\/wp-json\/wp\/v2\/users\/2"}],"replies":[{"embeddable":true,"href":"https:\/\/www.europesays.com\/fr\/wp-json\/wp\/v2\/comments?post=314169"}],"version-history":[{"count":0,"href":"https:\/\/www.europesays.com\/fr\/wp-json\/wp\/v2\/posts\/314169\/revisions"}],"wp:featuredmedia":[{"embeddable":true,"href":"https:\/\/www.europesays.com\/fr\/wp-json\/wp\/v2\/media\/314170"}],"wp:attachment":[{"href":"https:\/\/www.europesays.com\/fr\/wp-json\/wp\/v2\/media?parent=314169"}],"wp:term":[{"taxonomy":"category","embeddable":true,"href":"https:\/\/www.europesays.com\/fr\/wp-json\/wp\/v2\/categories?post=314169"},{"taxonomy":"post_tag","embeddable":true,"href":"https:\/\/www.europesays.com\/fr\/wp-json\/wp\/v2\/tags?post=314169"}],"curies":[{"name":"wp","href":"https:\/\/api.w.org\/{rel}","templated":true}]}}