{"id":314171,"date":"2025-08-12T15:10:12","date_gmt":"2025-08-12T15:10:12","guid":{"rendered":"https:\/\/www.europesays.com\/fr\/314171\/"},"modified":"2025-08-12T15:10:12","modified_gmt":"2025-08-12T15:10:12","slug":"pres-de-grenoble-une-deuxieme-commune-de-la-metropole-touchee-par-cette-maladie-tropicale","status":"publish","type":"post","link":"https:\/\/www.europesays.com\/fr\/314171\/","title":{"rendered":"Pr\u00e8s de Grenoble. Une deuxi\u00e8me commune de la M\u00e9tropole touch\u00e9e par cette maladie tropicale"},"content":{"rendered":"<p>            Par<br \/>\n        <strong><br \/>\n            <a href=\"https:\/\/actu.fr\/auteur\/lisa-rodrigues\" title=\"Consulter tous les articles de Lisa Rodrigues\" rel=\"nofollow noopener\" target=\"_blank\">Lisa Rodrigues<\/a><br \/>\n        <\/strong><\/p>\n<p>        Publi\u00e9 le<\/p>\n<p>            12 ao\u00fbt 2025 \u00e0 16h30        <\/p>\n<p>Et de 6 pour l\u2019<a href=\"https:\/\/actu.fr\/auvergne-rhone-alpes\/isere_38\" rel=\"nofollow noopener\" target=\"_blank\">Is\u00e8re<\/a>. Depuis le d\u00e9but de l\u2019\u00e9t\u00e9, cinq cas de <strong>chikungunya<\/strong>, une maladie tropicale transmissible par piq\u00fbre du moustique tigre, ont \u00e9t\u00e9 signal\u00e9s \u00e0 l\u2019Agence r\u00e9gionale de sant\u00e9 dans le d\u00e9partement. Un <strong>6e signalement<\/strong> est parvenu \u00e0 l\u2019ARS jeudi 7 ao\u00fbt, et a \u00e9t\u00e9 confirm\u00e9 apr\u00e8s analyse mardi 12 ao\u00fbt.<br \/>Contrairement au cinq premiers cas, tous localis\u00e9s \u00e0 <a href=\"https:\/\/actu.fr\/auvergne-rhone-alpes\/claix_38111\/grenoble-moustique-tigre-cette-commune-a-nouveau-concernee-par-une-mesure-d-urgence-de-l-ars_62996947.html\" rel=\"nofollow noopener\" target=\"_blank\">Claix<\/a> au sud de <a href=\"https:\/\/actu.fr\/auvergne-rhone-alpes\/grenoble_38185\" rel=\"nofollow noopener\" target=\"_blank\">Grenoble<\/a>, le 6e cas confirm\u00e9 a \u00e9t\u00e9 d\u00e9tect\u00e9 dans une autre commune de la M\u00e9tropole.<\/p>\n<p class=\" wall-content\">Il s\u2019agit de la ville d\u2019<strong>Eybens<\/strong>, au sud de l\u2019agglom\u00e9ration. C\u2019est le premier cas de chikungunya d\u00e9tect\u00e9 dans la commune.<\/p>\n<p>    <a href=\"https:\/\/www.google.com\/maps\/embed?pb=!1m18!1m12!1m3!1d63667.85851664945!2d5.714587156443022!3d45.15169270414469!2m3!1f0!2f0!3f0!3m2!1i1024!2i768!4f13.1!3m3!1m2!1s0x478a8ad40a11ad13%3A0x487cc0ace6284eda!2s38320%20Eybens!5e0!3m2!1sfr!2sfr!4v1755005636982!5m2!1sfr!2sfr\" title=\"Ouvrie le lien\" rel=\"nofollow noopener\" target=\"_blank\">Cliquez ici pour visualiser le contenu<\/a><\/p>\n<p>Op\u00e9ration de d\u00e9moustication d\u2019un quartier programm\u00e9e<\/p>\n<p class=\" wall-content\">Selon un communiqu\u00e9 de la mairie d\u2019<a href=\"https:\/\/actu.fr\/auvergne-rhone-alpes\/eybens_38158\" rel=\"nofollow noopener\" target=\"_blank\">Eybens<\/a>, le cas d\u00e9tect\u00e9 sur la commune est localis\u00e9 dans un secteur autour de la station essence Esso et de la piscine.<\/p>\n<p>    <a href=\"https:\/\/www.facebook.com\/plugins\/post.php?href=https%3A%2F%2Fwww.facebook.com%2Fville.eybens.officiel%2Fposts%2Fpfbid027xhuxsQv8uRVL6PuxEwNdTA2nFMKpPf8LwPRXY6eVSGynEfnGTfvt74H4PwpssyXl&amp;show_text=true&amp;width=350\" title=\"Ouvrie le lien\" rel=\"nofollow noopener\" target=\"_blank\">Cliquez ici pour visualiser le contenu<\/a><\/p>\n<p class=\" wall-content\">En cons\u00e9quence, une op\u00e9ration de d\u00e9moustication va avoir lieu sur le secteur <strong>dans la nuit du mardi 12 au mercredi 13 ao\u00fbt<\/strong>. \u00ab\u00a0L\u2019ensemble des habitants du p\u00e9rim\u00e8tre a \u00e9t\u00e9 inform\u00e9 par un tract donnant aussi les consignes \u00e0 suivre\u00a0\u00bb, pr\u00e9cise la mairie.<\/p>\n<p class=\" wall-content\">\u00ab\u00a0Cette op\u00e9ration de d\u00e9moustication sera compl\u00e9t\u00e9e par une <strong>enqu\u00eate \u00e9pid\u00e9miologique<\/strong>, en porte \u00e0 porte\u00a0\u00bb dans le quartier, ajoute l\u2019ARS. Ses agents ainsi que ceux de Sant\u00e9 publique France, vont r\u00e9aliser cette enqu\u00eate.<\/p>\n<p>Pas de liens avec les autres patients<\/p>\n<p class=\" wall-content\">La pr\u00e9sence d\u2019un 6e cas de chikungunya dans la M\u00e9tropole de Grenoble peut laisser penser \u00e0 une <a href=\"https:\/\/actu.fr\/societe\/deux-cas-de-chikungunya-en-france-metropolitaine-doit-on-craindre-une-epidemie-comme-a-la-reunion_62780111.html\" rel=\"nofollow noopener\" target=\"_blank\">connexion potentielle<\/a> entre les patients. Mais selon l\u2019ARS, contact\u00e9e par la r\u00e9daction, \u00ab\u00a0\u00e0 ce stade, <strong>rien ne permet de relier ce cas au foyer de chikungunya \u00e0 Claix<\/strong>\u00ab\u00a0.\u00a0<\/p>\n<p class=\" wall-content\">Seul point commun avec les patients de Claix : tous sont des <strong>cas autochtones<\/strong>, c\u2019est-\u00e0-dire que les personnes ont contract\u00e9 le chikungunya en Is\u00e8re sans s\u2019\u00eatre rendues dans une zone \u00e0 risque.<\/p>\n<p class=\" wall-content\">Dans la r\u00e9gion Auvergne-Rh\u00f4ne-Alpes, depuis le 1er mai 2025, 154 cas de chikungunya import\u00e9s ont \u00e9t\u00e9 enregistr\u00e9s, dont 36 dans le d\u00e9partement, selon le d\u00e9compte de l\u2019ARS.<\/p>\n<p class=\" wall-content\">Suivez toute l\u2019actualit\u00e9 de vos villes et m\u00e9dias favoris en vous inscrivant \u00e0 <a href=\"https:\/\/moncompte.actu.fr\" title=\"D\u00e9couvez Mon Actu\" rel=\"nofollow noopener\" data-trk=\"{&quot;cta&quot;:{&quot;action&quot;:&quot;https:\\\/\\\/moncompte.actu.fr&quot;,&quot;category&quot;:&quot;mon compte&quot;,&quot;from&quot;:&quot;article footer&quot;,&quot;name&quot;:&quot;Mon actu&quot;,&quot;type&quot;:&quot;cta&quot;}}\" target=\"_blank\">Mon Actu<\/a>.<\/p>\n","protected":false},"excerpt":{"rendered":"Par Lisa Rodrigues Publi\u00e9 le 12 ao\u00fbt 2025 \u00e0 16h30 Et de 6 pour l\u2019Is\u00e8re. Depuis le d\u00e9but&hellip;\n","protected":false},"author":2,"featured_media":262998,"comment_status":"","ping_status":"","sticky":false,"template":"","format":"standard","meta":{"footnotes":""},"categories":[9566],"tags":[1111,11,2430,1777,674,1011,27,2731,2856,12,25,71,104],"class_list":{"0":"post-314171","1":"post","2":"type-post","3":"status-publish","4":"format-standard","5":"has-post-thumbnail","7":"category-grenoble","8":"tag-actu","9":"tag-actualites","10":"tag-auvergne-rhone-alpes","11":"tag-eu","12":"tag-europe","13":"tag-fr","14":"tag-france","15":"tag-grenoble","16":"tag-moustique-tigre","17":"tag-news","18":"tag-republique-francaise","19":"tag-sante","20":"tag-societe"},"share_on_mastodon":{"url":"https:\/\/pubeurope.com\/@fr\/115016435294920859","error":""},"_links":{"self":[{"href":"https:\/\/www.europesays.com\/fr\/wp-json\/wp\/v2\/posts\/314171","targetHints":{"allow":["GET"]}}],"collection":[{"href":"https:\/\/www.europesays.com\/fr\/wp-json\/wp\/v2\/posts"}],"about":[{"href":"https:\/\/www.europesays.com\/fr\/wp-json\/wp\/v2\/types\/post"}],"author":[{"embeddable":true,"href":"https:\/\/www.europesays.com\/fr\/wp-json\/wp\/v2\/users\/2"}],"replies":[{"embeddable":true,"href":"https:\/\/www.europesays.com\/fr\/wp-json\/wp\/v2\/comments?post=314171"}],"version-history":[{"count":0,"href":"https:\/\/www.europesays.com\/fr\/wp-json\/wp\/v2\/posts\/314171\/revisions"}],"wp:featuredmedia":[{"embeddable":true,"href":"https:\/\/www.europesays.com\/fr\/wp-json\/wp\/v2\/media\/262998"}],"wp:attachment":[{"href":"https:\/\/www.europesays.com\/fr\/wp-json\/wp\/v2\/media?parent=314171"}],"wp:term":[{"taxonomy":"category","embeddable":true,"href":"https:\/\/www.europesays.com\/fr\/wp-json\/wp\/v2\/categories?post=314171"},{"taxonomy":"post_tag","embeddable":true,"href":"https:\/\/www.europesays.com\/fr\/wp-json\/wp\/v2\/tags?post=314171"}],"curies":[{"name":"wp","href":"https:\/\/api.w.org\/{rel}","templated":true}]}}