{"id":314172,"date":"2025-08-12T15:11:12","date_gmt":"2025-08-12T15:11:12","guid":{"rendered":"https:\/\/www.europesays.com\/fr\/314172\/"},"modified":"2025-08-12T15:11:12","modified_gmt":"2025-08-12T15:11:12","slug":"rugby-le-fc-grenoble-devoile-ses-maillots-pour-la-saison-2025-2026","status":"publish","type":"post","link":"https:\/\/www.europesays.com\/fr\/314172\/","title":{"rendered":"Rugby . Le FC Grenoble d\u00e9voile ses maillots pour la saison 2025-2026"},"content":{"rendered":"<p>Nouvelle saison, nouvelles tuniques. Ce mardi, <a href=\"https:\/\/www.ledauphine.com\/sport\/2025\/08\/11\/le-fcg-officialise-l-arrivee-de-son-nouveau-2e-ligne\" target=\"_blank\" rel=\"noopener\">le FC Grenoble<\/a> a d\u00e9voil\u00e9 sur ses r\u00e9seaux sociaux les maillots qu&rsquo;aborderont Romain Fusier et ses partenaires lors de l&rsquo;exercice 2025-2026. Pour ce nouvel exercice, ceux-ci sont concoct\u00e9s par Nike et non plus par Kappa.\u00a0<\/p>\n<p>Le maillot domicile est bleu et jonch\u00e9 de quelques de quelques liser\u00e9s noirs. L&rsquo;ext\u00e9rieur, lui, est blanc. Pour les Grenoblois, la reprise de la Pro D2 aura lieu du c\u00f4t\u00e9 d&rsquo;Oyonnax, le vendredi 29 ao\u00fbt \u00e0 21h. Avant cela, les joueurs d&rsquo;Aubin Hueber, Patrick Pezery et Nicolas Nadau \u00e9trenneront leurs nouveaux maillots face \u00e0 Aurillac en amical, ce vendredi (19h), au stade Jean-Alric.\u00a0<\/p>\n<p>Ce contenu est bloqu\u00e9 car vous n&rsquo;avez pas accept\u00e9 les cookies et autres traceurs.<\/p>\n<p>En cliquant sur \u00ab J\u2019accepte \u00bb, les cookies et autres traceurs seront d\u00e9pos\u00e9s et vous pourrez visualiser les contenus  (<a href=\"\" class=\"consentModule_policy\" target=\"_blank\" title=\"Consulter la politique de protection des donn\u00e9es du fournisseur\">plus d&rsquo;informations<\/a>).<\/p>\n<p>En cliquant sur \u00ab J\u2019accepte tous les cookies \u00bb, vous autorisez des d\u00e9p\u00f4ts de cookies et autres traceurs pour le stockage de vos donn\u00e9es sur nos sites et applications \u00e0 des fins de personnalisation et de ciblage publicitaire.<\/p>\n<p class=\"consentModule_secondaryText\">Vous gardez la possibilit\u00e9 de retirer votre consentement \u00e0 tout moment en consultant notre <a href=\"https:\/\/www.ledauphine.com\/protection-des-donnees\" target=\"_blank\" title=\"Consulter notre politique de protection des donn\u00e9es\" rel=\"noopener\">politique de protection des donn\u00e9es<\/a>. <br \/>&#13;<br \/>\n            <a href=\"https:\/\/www.ledauphine.com\/sport\/2025\/08\/12\/javascript:Didomi.notice.show()\" class=\"consentModule_cmp\" target=\"_blank\" rel=\"noopener\">G\u00e9rer mes choix<\/a>&#13;\n        <\/p>\n<p>&#13;<br \/>\n                        J&rsquo;accepte&#13;<br \/>\n            J&rsquo;accepte tous les cookies&#13;\n        <\/p>\n","protected":false},"excerpt":{"rendered":"Nouvelle saison, nouvelles tuniques. Ce mardi, le FC Grenoble a d\u00e9voil\u00e9 sur ses r\u00e9seaux sociaux les maillots qu&rsquo;aborderont&hellip;\n","protected":false},"author":2,"featured_media":314173,"comment_status":"","ping_status":"","sticky":false,"template":"","format":"standard","meta":{"footnotes":""},"categories":[9566],"tags":[1111,11,2430,112,113,114,1777,674,2727,107,1701,1011,27,2731,2732,108,1985,985,12,2308,25,479,517,1947],"class_list":{"0":"post-314172","1":"post","2":"type-post","3":"status-publish","4":"format-standard","5":"has-post-thumbnail","7":"category-grenoble","8":"tag-actu","9":"tag-actualites","10":"tag-auvergne-rhone-alpes","11":"tag-edition-grenoble-agglomeration","12":"tag-edition-gresivaudan-oisans","13":"tag-edition-voiron-saint-marcellin","14":"tag-eu","15":"tag-europe","16":"tag-fcg-fc-grenoble-rugby","17":"tag-fil-info","18":"tag-fil-info-sport","19":"tag-fr","20":"tag-france","21":"tag-grenoble","22":"tag-grenoble-bassin","23":"tag-isere","24":"tag-metropole-de-grenoble","25":"tag-mode","26":"tag-news","27":"tag-pro-d2","28":"tag-republique-francaise","29":"tag-rugby","30":"tag-sport","31":"tag-sport-national"},"share_on_mastodon":{"url":"https:\/\/pubeurope.com\/@fr\/115016439088707745","error":""},"_links":{"self":[{"href":"https:\/\/www.europesays.com\/fr\/wp-json\/wp\/v2\/posts\/314172","targetHints":{"allow":["GET"]}}],"collection":[{"href":"https:\/\/www.europesays.com\/fr\/wp-json\/wp\/v2\/posts"}],"about":[{"href":"https:\/\/www.europesays.com\/fr\/wp-json\/wp\/v2\/types\/post"}],"author":[{"embeddable":true,"href":"https:\/\/www.europesays.com\/fr\/wp-json\/wp\/v2\/users\/2"}],"replies":[{"embeddable":true,"href":"https:\/\/www.europesays.com\/fr\/wp-json\/wp\/v2\/comments?post=314172"}],"version-history":[{"count":0,"href":"https:\/\/www.europesays.com\/fr\/wp-json\/wp\/v2\/posts\/314172\/revisions"}],"wp:featuredmedia":[{"embeddable":true,"href":"https:\/\/www.europesays.com\/fr\/wp-json\/wp\/v2\/media\/314173"}],"wp:attachment":[{"href":"https:\/\/www.europesays.com\/fr\/wp-json\/wp\/v2\/media?parent=314172"}],"wp:term":[{"taxonomy":"category","embeddable":true,"href":"https:\/\/www.europesays.com\/fr\/wp-json\/wp\/v2\/categories?post=314172"},{"taxonomy":"post_tag","embeddable":true,"href":"https:\/\/www.europesays.com\/fr\/wp-json\/wp\/v2\/tags?post=314172"}],"curies":[{"name":"wp","href":"https:\/\/api.w.org\/{rel}","templated":true}]}}