{"id":314174,"date":"2025-08-12T15:14:13","date_gmt":"2025-08-12T15:14:13","guid":{"rendered":"https:\/\/www.europesays.com\/fr\/314174\/"},"modified":"2025-08-12T15:14:13","modified_gmt":"2025-08-12T15:14:13","slug":"omnisports-nathalie-koenders-dex-championne-de-kayak-a-la-mairie-de-dijon","status":"publish","type":"post","link":"https:\/\/www.europesays.com\/fr\/314174\/","title":{"rendered":"Omnisports. Nathalie Koenders, d\u2019ex-championne de kayak \u00e0 la mairie de Dijon"},"content":{"rendered":"<p>Native de Rennes, en mars 77, Nathalie Koenders d\u00e9m\u00e9nage rapidement dans la capitale des Ducs, ville fondatrice pour l\u2019actuelle maire, Dijon \u00e9tant effectivement le point de d\u00e9part d\u2019une \u00e9pop\u00e9e singuli\u00e8re qui l\u2019a amen\u00e9e \u00e0 sillonner la plan\u00e8te enti\u00e8re. \u00ab\u00a0Je ne suis pas n\u00e9e dans une famille de sportifs\u00a0\u00bb, relate-t-elle d\u2019embl\u00e9e. \u00ab\u00a0Ma m\u00e8re aimait bien la musique, sans pour autant jouer d\u2019un instrument. Elle m\u2019a inscrite pensant que cela me plairait. J\u2019ai commenc\u00e9 par le saxophone car je trouvais l\u2019instrument sympa. Je me dis d\u2019ailleurs qu\u2019il faudrait que je m\u2019y remette\u2026\u00a0\u00bb, sourit-elle.<\/p>\n<p>Une premi\u00e8re due au hasard<\/p>\n<p>D\u00e9tendue dans son bureau d\u2019\u00e9lue, elle d\u00e9roule le fim de son adolescence. \u00ab\u00a0Mes parents ont vite divorc\u00e9 et ma maman s\u2019est retrouv\u00e9e toute seule. J\u2019ai alors connu les vacances pour ceux qui restent. J\u2019ai commenc\u00e9 par la voile mais il n\u2019y avait pas de vent. On n\u2019avait pas le droit d\u2019aller au-del\u00e0 de la presqu\u2019\u00eele&#8230;<\/p>\n","protected":false},"excerpt":{"rendered":"Native de Rennes, en mars 77, Nathalie Koenders d\u00e9m\u00e9nage rapidement dans la capitale des Ducs, ville fondatrice pour&hellip;\n","protected":false},"author":2,"featured_media":314175,"comment_status":"","ping_status":"","sticky":false,"template":"","format":"standard","meta":{"footnotes":""},"categories":[2821],"tags":[1111,11,829,16814,2930,8587,8588,1777,674,107,1011,27,12,584,25,517,15103],"class_list":{"0":"post-314174","1":"post","2":"type-post","3":"status-publish","4":"format-standard","5":"has-post-thumbnail","7":"category-rennes","8":"tag-actu","9":"tag-actualites","10":"tag-bretagne","11":"tag-canoe-kayak","12":"tag-dijon","13":"tag-dijon-ville","14":"tag-edition-dijon-et-son-agglomeration","15":"tag-eu","16":"tag-europe","17":"tag-fil-info","18":"tag-fr","19":"tag-france","20":"tag-news","21":"tag-rennes","22":"tag-republique-francaise","23":"tag-sport","24":"tag-sports-nautiques"},"share_on_mastodon":{"url":"https:\/\/pubeurope.com\/@fr\/115016451039142071","error":""},"_links":{"self":[{"href":"https:\/\/www.europesays.com\/fr\/wp-json\/wp\/v2\/posts\/314174","targetHints":{"allow":["GET"]}}],"collection":[{"href":"https:\/\/www.europesays.com\/fr\/wp-json\/wp\/v2\/posts"}],"about":[{"href":"https:\/\/www.europesays.com\/fr\/wp-json\/wp\/v2\/types\/post"}],"author":[{"embeddable":true,"href":"https:\/\/www.europesays.com\/fr\/wp-json\/wp\/v2\/users\/2"}],"replies":[{"embeddable":true,"href":"https:\/\/www.europesays.com\/fr\/wp-json\/wp\/v2\/comments?post=314174"}],"version-history":[{"count":0,"href":"https:\/\/www.europesays.com\/fr\/wp-json\/wp\/v2\/posts\/314174\/revisions"}],"wp:featuredmedia":[{"embeddable":true,"href":"https:\/\/www.europesays.com\/fr\/wp-json\/wp\/v2\/media\/314175"}],"wp:attachment":[{"href":"https:\/\/www.europesays.com\/fr\/wp-json\/wp\/v2\/media?parent=314174"}],"wp:term":[{"taxonomy":"category","embeddable":true,"href":"https:\/\/www.europesays.com\/fr\/wp-json\/wp\/v2\/categories?post=314174"},{"taxonomy":"post_tag","embeddable":true,"href":"https:\/\/www.europesays.com\/fr\/wp-json\/wp\/v2\/tags?post=314174"}],"curies":[{"name":"wp","href":"https:\/\/api.w.org\/{rel}","templated":true}]}}