{"id":314185,"date":"2025-08-12T15:20:37","date_gmt":"2025-08-12T15:20:37","guid":{"rendered":"https:\/\/www.europesays.com\/fr\/314185\/"},"modified":"2025-08-12T15:20:37","modified_gmt":"2025-08-12T15:20:37","slug":"luis-castro-severement-recadre-sur-le-dossier-abline","status":"publish","type":"post","link":"https:\/\/www.europesays.com\/fr\/314185\/","title":{"rendered":"Luis Castro s\u00e9v\u00e8rement recadr\u00e9 sur le dossier Abline !"},"content":{"rendered":"<p><strong>Le mercato du FC Nantes continue de faire des vagues, et cette fois-ci, c\u2019est Luis Castro qui se retrouve au c\u0153ur de la pol\u00e9mique\u00a0: le coach des Canaris a \u00e9t\u00e9 \u00e9pingl\u00e9 pour ses r\u00e9centes d\u00e9clarations concernant l\u2019avenir de la p\u00e9pite <a href=\"https:\/\/www.butfootballclub.fr\/613382-fc-nantes-mercato-abline-force-a-rester-au-fcn\/\" rel=\"noopener nofollow\" target=\"_blank\">Matthis Abline<\/a> (22 ans).<\/strong><\/p>\n<p>Fort de son statut de nouveau coach du <a href=\"https:\/\/www.butfootballclub.fr\/613342-fc-nantes-mercato-comment-le-stade-rennais-empoisonne-le-dossier-abline\/\" rel=\"noopener nofollow\" target=\"_blank\">FC Nantes<\/a>, Luis Castro a tenu des propos jug\u00e9s maladroits, voire d\u00e9plac\u00e9s, par une partie des observateurs. Une prise de parole pourtant franche qui n\u2019a pas manqu\u00e9 de faire r\u00e9agir, notamment sur les r\u00e9seaux sociaux.<\/p>\n<p>Mohamed Toubache-Ter, bien connu pour son franc-parler, n\u2019a pas tard\u00e9 \u00e0 recadrer le technicien du <a href=\"https:\/\/www.butfootballclub.fr\/613316-fc-nantes-mercato-abline-dit-non-a-langleterre-et-relance-une-piste-en-l1\/\" rel=\"noopener nofollow\" target=\"_blank\">FC Nantes <\/a>en lan\u00e7ant un tacle cinglant : \u00ab Je crois que Luis Castro n\u2019est pas le mieux plac\u00e9 pour \u00e9voquer le cas Abline\u2026 Castro-Dunkerque Nantes-Dunkerque. \u00bb Un message qui fait r\u00e9f\u00e9rence au pass\u00e9 r\u00e9cent de Castro et qui souligne la pression qui p\u00e8se d\u00e9sormais sur ses \u00e9paules au FCN.<\/p>\n<p>Cette r\u00e9action traduit une certaine frustration dans l\u2019entourage du joueur et chez les supporters, dans le dossier Abline. Le jeune talent nantais, courtis\u00e9 par plusieurs clubs, est un \u00e9l\u00e9ment cl\u00e9 de l\u2019avenir sportif du FCN et pourrait forcer son d\u00e9part cet \u00e9t\u00e9.<\/p>\n","protected":false},"excerpt":{"rendered":"Le mercato du FC Nantes continue de faire des vagues, et cette fois-ci, c\u2019est Luis Castro qui se&hellip;\n","protected":false},"author":2,"featured_media":314186,"comment_status":"","ping_status":"","sticky":false,"template":"","format":"standard","meta":{"footnotes":""},"categories":[2818],"tags":[1111,11,448,1777,674,63,1011,27,66,3388,766,12,2636,25,10662],"class_list":{"0":"post-314185","1":"post","2":"type-post","3":"status-publish","4":"format-standard","5":"has-post-thumbnail","7":"category-nantes","8":"tag-actu","9":"tag-actualites","10":"tag-champions-league","11":"tag-eu","12":"tag-europe","13":"tag-football","14":"tag-fr","15":"tag-france","16":"tag-ligue-1","17":"tag-matchs","18":"tag-nantes","19":"tag-news","20":"tag-pays-de-la-loire","21":"tag-republique-francaise","22":"tag-transferts"},"share_on_mastodon":{"url":"https:\/\/pubeurope.com\/@fr\/115016474578446618","error":""},"_links":{"self":[{"href":"https:\/\/www.europesays.com\/fr\/wp-json\/wp\/v2\/posts\/314185","targetHints":{"allow":["GET"]}}],"collection":[{"href":"https:\/\/www.europesays.com\/fr\/wp-json\/wp\/v2\/posts"}],"about":[{"href":"https:\/\/www.europesays.com\/fr\/wp-json\/wp\/v2\/types\/post"}],"author":[{"embeddable":true,"href":"https:\/\/www.europesays.com\/fr\/wp-json\/wp\/v2\/users\/2"}],"replies":[{"embeddable":true,"href":"https:\/\/www.europesays.com\/fr\/wp-json\/wp\/v2\/comments?post=314185"}],"version-history":[{"count":0,"href":"https:\/\/www.europesays.com\/fr\/wp-json\/wp\/v2\/posts\/314185\/revisions"}],"wp:featuredmedia":[{"embeddable":true,"href":"https:\/\/www.europesays.com\/fr\/wp-json\/wp\/v2\/media\/314186"}],"wp:attachment":[{"href":"https:\/\/www.europesays.com\/fr\/wp-json\/wp\/v2\/media?parent=314185"}],"wp:term":[{"taxonomy":"category","embeddable":true,"href":"https:\/\/www.europesays.com\/fr\/wp-json\/wp\/v2\/categories?post=314185"},{"taxonomy":"post_tag","embeddable":true,"href":"https:\/\/www.europesays.com\/fr\/wp-json\/wp\/v2\/tags?post=314185"}],"curies":[{"name":"wp","href":"https:\/\/api.w.org\/{rel}","templated":true}]}}