{"id":314194,"date":"2025-08-12T15:26:19","date_gmt":"2025-08-12T15:26:19","guid":{"rendered":"https:\/\/www.europesays.com\/fr\/314194\/"},"modified":"2025-08-12T15:26:19","modified_gmt":"2025-08-12T15:26:19","slug":"un-policier-hors-service-intervient-dans-un-tgv-pour-maitriser-un-voyageur-tres-virulent","status":"publish","type":"post","link":"https:\/\/www.europesays.com\/fr\/314194\/","title":{"rendered":"un policier hors service intervient dans un TGV pour ma\u00eetriser un voyageur tr\u00e8s virulent"},"content":{"rendered":"<p>            Par<br \/>\n        <strong><br \/>\n            <a href=\"https:\/\/actu.fr\/auteur\/hervine-mahaud\" title=\"Consulter tous les articles de Hervine Mahaud\" target=\"_blank\" rel=\"noopener\">Hervine Mahaud<\/a><br \/>\n        <\/strong><\/p>\n<p>        Publi\u00e9 le<\/p>\n<p>            12 ao\u00fbt 2025 \u00e0 15h36        <\/p>\n<p>Lundi 11 ao\u00fbt 2025, vers 21 h 45, un jeune homme de 21 ans a \u00e9t\u00e9 interpell\u00e9 en <b>gare de Lille-Europe<\/b> pour <b>outrages sur personnes d\u00e9positaires de l\u2019autorit\u00e9 publique<\/b>. Alors qu\u2019il circulait sans billet, il a copieusement insult\u00e9 le contr\u00f4leur, avant de s\u2019en prendre \u00e0 un policier hors service.<\/p>\n<p>Un jeune homme sans billet se montre virulent aupr\u00e8s du contr\u00f4leur<\/p>\n<p class=\" wall-content\">Les faits se sont produits \u00e0 bord d\u2019un <b>TGV en direction de Calais<\/b>. Parmi les passagers, un policier originaire de Seine-Saint-Denis voyageait dans le cadre du <b>dispositif \u00ab\u00a0voyager-prot\u00e9ger\u00a0\u00bb<\/b>. Ce programme permet aux fonctionnaires de police de b\u00e9n\u00e9ficier de <b>billets de train \u00e0 tarif r\u00e9duit, en \u00e9change de leur disponibilit\u00e9<\/b> pour intervenir en cas de probl\u00e8me \u00e0 bord.<\/p>\n<p class=\" wall-content\">Ce soir-l\u00e0, le dispositif a trouv\u00e9 tout son sens. Un <b>contr\u00f4leur SNCF<\/b> proc\u00e9dait \u00e0 la <b>v\u00e9rification des titres de transport <\/b>lorsqu\u2019il a \u00e9t\u00e9 confront\u00e9 \u00e0 un <b>passager d\u00e9pourvu de billet<\/b>. L\u2019\u00e9change s\u2019est vite tendu : selon les premiers \u00e9l\u00e9ments, le voyageur se serait montr\u00e9 <b>particuli\u00e8rement virulent et insultant<\/b> envers l\u2019agent. Face \u00e0 cette situation, le contr\u00f4leur a fait appel au policier hors service pr\u00e9sent dans le train.<\/p>\n<p class=\" wall-content\">\u00c0 son arriv\u00e9e, <b>le fonctionnaire a lui aussi essuy\u00e9 des propos outrageants<\/b>. La tension ne retombant pas, il a fini par ma\u00eetriser le passager, afin d\u2019\u00e9viter que la situation ne d\u00e9g\u00e9n\u00e8re. Lorsque le TGV est arriv\u00e9 en gare de Lille-Europe, l\u2019individu a \u00e9t\u00e9 pris en charge par une patrouille de police et plac\u00e9 en garde \u00e0 vue.<\/p>\n<p>Le dispositif \u00ab\u00a0voyager-prot\u00e9ger\u00a0\u00bb<\/p>\n<p class=\" wall-content\">Mis en place par la SNCF et le minist\u00e8re de l\u2019Int\u00e9rieur, \u00ab\u00a0voyager-prot\u00e9ger\u00a0\u00bb repose sur un principe simple : permettre aux policiers de <b>voyager \u00e0 tarif r\u00e9duit en contrepartie d\u2019une vigilance et d\u2019une disponibilit\u00e9<\/b> en cas d\u2019incident. S\u2019ils ne sont pas en service, ces agents peuvent tout de m\u00eame intervenir en cas de trouble \u00e0 l\u2019ordre public ou pour assister les personnels ferroviaires. Ce dispositif vise \u00e0 <b>renforcer la s\u00e9curit\u00e9<\/b> dans les trains, tout en cr\u00e9ant un lien direct entre les forces de l\u2019ordre et les voyageurs.<\/p>\n<p class=\" wall-content\">Suivez toute l\u2019actualit\u00e9 de vos villes et m\u00e9dias favoris en vous inscrivant \u00e0 <a href=\"https:\/\/moncompte.actu.fr\" title=\"D\u00e9couvez Mon Actu\" rel=\"nofollow noopener\" data-trk=\"{&quot;cta&quot;:{&quot;action&quot;:&quot;https:\\\/\\\/moncompte.actu.fr&quot;,&quot;category&quot;:&quot;mon compte&quot;,&quot;from&quot;:&quot;article footer&quot;,&quot;name&quot;:&quot;Mon actu&quot;,&quot;type&quot;:&quot;cta&quot;}}\" target=\"_blank\">Mon Actu<\/a>.<\/p>\n","protected":false},"excerpt":{"rendered":"Par Hervine Mahaud Publi\u00e9 le 12 ao\u00fbt 2025 \u00e0 15h36 Lundi 11 ao\u00fbt 2025, vers 21 h 45,&hellip;\n","protected":false},"author":2,"featured_media":314195,"comment_status":"","ping_status":"","sticky":false,"template":"","format":"standard","meta":{"footnotes":""},"categories":[2815],"tags":[1111,11,1777,674,118,1011,27,811,1307,32177,12,25,2215],"class_list":{"0":"post-314194","1":"post","2":"type-post","3":"status-publish","4":"format-standard","5":"has-post-thumbnail","7":"category-lille","8":"tag-actu","9":"tag-actualites","10":"tag-eu","11":"tag-europe","12":"tag-faits-divers","13":"tag-fr","14":"tag-france","15":"tag-hauts-de-france","16":"tag-lille","17":"tag-lille-europe","18":"tag-news","19":"tag-republique-francaise","20":"tag-sncf"},"share_on_mastodon":{"url":"https:\/\/pubeurope.com\/@fr\/115016498240697169","error":""},"_links":{"self":[{"href":"https:\/\/www.europesays.com\/fr\/wp-json\/wp\/v2\/posts\/314194","targetHints":{"allow":["GET"]}}],"collection":[{"href":"https:\/\/www.europesays.com\/fr\/wp-json\/wp\/v2\/posts"}],"about":[{"href":"https:\/\/www.europesays.com\/fr\/wp-json\/wp\/v2\/types\/post"}],"author":[{"embeddable":true,"href":"https:\/\/www.europesays.com\/fr\/wp-json\/wp\/v2\/users\/2"}],"replies":[{"embeddable":true,"href":"https:\/\/www.europesays.com\/fr\/wp-json\/wp\/v2\/comments?post=314194"}],"version-history":[{"count":0,"href":"https:\/\/www.europesays.com\/fr\/wp-json\/wp\/v2\/posts\/314194\/revisions"}],"wp:featuredmedia":[{"embeddable":true,"href":"https:\/\/www.europesays.com\/fr\/wp-json\/wp\/v2\/media\/314195"}],"wp:attachment":[{"href":"https:\/\/www.europesays.com\/fr\/wp-json\/wp\/v2\/media?parent=314194"}],"wp:term":[{"taxonomy":"category","embeddable":true,"href":"https:\/\/www.europesays.com\/fr\/wp-json\/wp\/v2\/categories?post=314194"},{"taxonomy":"post_tag","embeddable":true,"href":"https:\/\/www.europesays.com\/fr\/wp-json\/wp\/v2\/tags?post=314194"}],"curies":[{"name":"wp","href":"https:\/\/api.w.org\/{rel}","templated":true}]}}