{"id":314198,"date":"2025-08-12T15:28:13","date_gmt":"2025-08-12T15:28:13","guid":{"rendered":"https:\/\/www.europesays.com\/fr\/314198\/"},"modified":"2025-08-12T15:28:13","modified_gmt":"2025-08-12T15:28:13","slug":"pourquoi-la-temperature-de-la-mer-mediterranee-est-exceptionnelle","status":"publish","type":"post","link":"https:\/\/www.europesays.com\/fr\/314198\/","title":{"rendered":"pourquoi la temp\u00e9rature de la mer M\u00e9diterran\u00e9e est exceptionnelle"},"content":{"rendered":"<p>            Par<br \/>\n        <strong><br \/>\n            <a href=\"https:\/\/actu.fr\/auteur\/thibault-nadal-actu-fr\" title=\"Consulter tous les articles de Thibault Nadal\" target=\"_blank\" rel=\"noopener\">Thibault Nadal<\/a><br \/>\n        <\/strong><\/p>\n<p>        Publi\u00e9 le<\/p>\n<p>            12 ao\u00fbt 2025 \u00e0 16h44        <\/p>\n<p>C\u2019est \u00e0 y perdre la t\u00eate. Alors qu\u2019elle <a href=\"https:\/\/actu.fr\/provence-alpes-cote-d-azur\/marseille_13055\/marseille-on-est-en-bretagne-la-mer-mediterranee-gelee-voici-pourquoi-la-temperature-chute_62966016.html\" target=\"_blank\" rel=\"noopener\">affichait seulement 15\u00b0C le 29\u00a0juillet dernier<\/a>, la <a href=\"https:\/\/actu.fr\/tag\/mediterranee\" target=\"_blank\" rel=\"noopener\">mer M\u00e9diterran\u00e9e<\/a> conna\u00eet un r\u00e9chauffement spectaculaire. Deux semaines plus tard, ce mardi 12\u00a0ao\u00fbt 2025, <strong>sa temp\u00e9rature est de 26,5\u00b0C<\/strong> au large de <a href=\"https:\/\/actu.fr\/marseille\/\" target=\"_blank\" rel=\"noopener\">Marseille<\/a>, selon Paul Marquis, fondateur de <a href=\"https:\/\/www.facebook.com\/lameteodu13\/\" target=\"_blank\" rel=\"noopener\">La M\u00e9t\u00e9o du 13<\/a>.<\/p>\n<p class=\" wall-content\">Et c\u2019est loin d\u2019\u00eatre fini puisque, selon les pr\u00e9visions, les 30\u00b0C pourraient \u00eatre d\u00e9pass\u00e9s.<\/p>\n<p class=\" wall-content\">Voici tout ce qu\u2019il faut savoir.<\/p>\n<p>Jusqu\u2019\u00e0 31\u00b0C\u2009?<\/p>\n<p class=\" wall-content\">Depuis trois jours, Marseille et les Bouches-du-Rh\u00f4ne suffoquent. <a href=\"https:\/\/actu.fr\/provence-alpes-cote-d-azur\/marseille_13055\/canicule-a-marseille-et-dans-les-bouches-du-rhone-voila-jusqu-a-quand-la-vague-de-chaleur-va-durer_63019151.html\" target=\"_blank\" rel=\"noopener\">Une intense vague de canicule s\u2019est install\u00e9e sur le d\u00e9partement<\/a> avec <strong>des temp\u00e9ratures extr\u00eames<\/strong>\u2009: ce lundi, il a fait <a href=\"https:\/\/www.facebook.com\/lameteodu13\/posts\/pfbid02vay2yLAERZAkSmvqAUqzxqSxUsDMu2Wp7TmK7ZLmCnkzX7ScCCziELcbHoD1tJDDl\" target=\"_blank\" rel=\"noopener\">plus de 40\u00b0C \u00e0 Peyrolles.<\/a><\/p>\n<p class=\" wall-content\">Mais \u00ab\u2009outre les fortes chaleurs dans l\u2019air, une nouvelle canicule marine est \u00e0 attendre en M\u00e9diterran\u00e9e dans les prochains jours\u2009\u00bb, \u00e9crit le m\u00e9t\u00e9orologue ind\u00e9pendant sur son compte X.<\/p>\n<p class=\" wall-content\">\n<p class=\" wall-content\">Ce mardi, l\u2019eau est \u00e0 26,5\u00b0C au large de Marseille. Mais selon Paul Marquis, \u00ab\u2009<strong>elle va gagner 0,5 \u00e0 1\u00b0C par jour<\/strong> pour atteindre 29\/30\u00b0C d\u00e8s la fin de semaine, voire 31\u00b0C en d\u00e9but de semaine prochaine\u2009\u00bb.<\/p>\n<p class=\" wall-content\">Des temp\u00e9ratures exceptionnelles, m\u00eame pour la saison. \u00ab\u2009Ce serait du jamais vu depuis ao\u00fbt\u00a02003 et ao\u00fbt\u00a02023 dans une moindre mesure\u2009\u00bb, assure le m\u00e9t\u00e9orologue.<\/p>\n<p>L\u2019absence du mistral comme explication\u2009?<\/p>\n<p class=\" wall-content\">Si au large, le mercure est d\u00e9j\u00e0 (tr\u00e8s) \u00e9lev\u00e9, sur les plages, c\u2019est encore pire\u2009: \u00ab\u2009Il faut rajouter un degr\u00e9 environ pour avoir la temp\u00e9rature de l\u2019eau sur les plages de Marseille\u2009\u00bb, explique Paul Marquis.<\/p>\n<p class=\" wall-content\">\n<p class=\" wall-content\">Pour expliquer cette hausse brutale, il y a \u00e9videmment <a href=\"https:\/\/actu.fr\/provence-alpes-cote-d-azur\/marseille_13055\/canicule-l-alerte-declenchee-a-marseille-et-dans-les-bouches-du-rhone-voici-ou-il-va-faire-le-plus-chaud_63017053.html\" target=\"_blank\" rel=\"noopener\">l\u2019\u00e9pisode de canicule<\/a> qui touche le pays. Mais pas seulement.<\/p>\n<blockquote class=\"ac-article-quote wall-content\">\n<p>La mer M\u00e9dit\u00e9rrann\u00e9e se r\u00e9chauffe vite, car le mistral s\u2019est arr\u00eat\u00e9. En l\u2019absence de brassage, l\u2019eau ne se refroidit pas.<\/p>\n<p>    <strong>Paul Marquis<\/strong><br \/>\n        Fondateur de La M\u00e9t\u00e9o du 13    <\/p><\/blockquote>\n<p class=\" wall-content\">Un r\u00e9chauffement qui a d\u00e9j\u00e0 une premi\u00e8re cons\u00e9quence\u2009: <strong>\u00ab\u2009c\u2019est une vraie catastrophe\u2009\u00bb pour la faune et la flore<\/strong>, affirme le m\u00e9t\u00e9orologue, qui ne pr\u00e9voit pas de retour \u00e0 la normale dans l\u2019imm\u00e9diate. \u00ab\u2009Tant que le vent ne soufflera pas, les anomalies de SST [Sea Surface Temperature] vont perdurer. Sans doute <strong>jusqu\u2019\u00e0 la derni\u00e8re d\u00e9cade du mois d\u2019ao\u00fbt<\/strong> au moins.\u2009\u00bb<\/p>\n<p class=\" wall-content\">Suivez toute l\u2019actualit\u00e9 de vos villes et m\u00e9dias favoris en vous inscrivant \u00e0 <a href=\"https:\/\/moncompte.actu.fr\" title=\"D\u00e9couvez Mon Actu\" rel=\"nofollow noopener\" data-trk=\"{&quot;cta&quot;:{&quot;action&quot;:&quot;https:\\\/\\\/moncompte.actu.fr&quot;,&quot;category&quot;:&quot;mon compte&quot;,&quot;from&quot;:&quot;article footer&quot;,&quot;name&quot;:&quot;Mon actu&quot;,&quot;type&quot;:&quot;cta&quot;}}\" target=\"_blank\">Mon Actu<\/a>.<\/p>\n","protected":false},"excerpt":{"rendered":"Par Thibault Nadal Publi\u00e9 le 12 ao\u00fbt 2025 \u00e0 16h44 C\u2019est \u00e0 y perdre la t\u00eate. Alors qu\u2019elle&hellip;\n","protected":false},"author":2,"featured_media":314199,"comment_status":"","ping_status":"","sticky":false,"template":"","format":"standard","meta":{"footnotes":""},"categories":[2814],"tags":[1111,11,6698,1777,674,1011,27,884,1252,2487,12,882,25],"class_list":{"0":"post-314198","1":"post","2":"type-post","3":"status-publish","4":"format-standard","5":"has-post-thumbnail","7":"category-marseille","8":"tag-actu","9":"tag-actualites","10":"tag-canicule","11":"tag-eu","12":"tag-europe","13":"tag-fr","14":"tag-france","15":"tag-marseille","16":"tag-mediterranee","17":"tag-meteo","18":"tag-news","19":"tag-provence-alpes-cote-dazur","20":"tag-republique-francaise"},"share_on_mastodon":{"url":"https:\/\/pubeurope.com\/@fr\/115016506010782466","error":""},"_links":{"self":[{"href":"https:\/\/www.europesays.com\/fr\/wp-json\/wp\/v2\/posts\/314198","targetHints":{"allow":["GET"]}}],"collection":[{"href":"https:\/\/www.europesays.com\/fr\/wp-json\/wp\/v2\/posts"}],"about":[{"href":"https:\/\/www.europesays.com\/fr\/wp-json\/wp\/v2\/types\/post"}],"author":[{"embeddable":true,"href":"https:\/\/www.europesays.com\/fr\/wp-json\/wp\/v2\/users\/2"}],"replies":[{"embeddable":true,"href":"https:\/\/www.europesays.com\/fr\/wp-json\/wp\/v2\/comments?post=314198"}],"version-history":[{"count":0,"href":"https:\/\/www.europesays.com\/fr\/wp-json\/wp\/v2\/posts\/314198\/revisions"}],"wp:featuredmedia":[{"embeddable":true,"href":"https:\/\/www.europesays.com\/fr\/wp-json\/wp\/v2\/media\/314199"}],"wp:attachment":[{"href":"https:\/\/www.europesays.com\/fr\/wp-json\/wp\/v2\/media?parent=314198"}],"wp:term":[{"taxonomy":"category","embeddable":true,"href":"https:\/\/www.europesays.com\/fr\/wp-json\/wp\/v2\/categories?post=314198"},{"taxonomy":"post_tag","embeddable":true,"href":"https:\/\/www.europesays.com\/fr\/wp-json\/wp\/v2\/tags?post=314198"}],"curies":[{"name":"wp","href":"https:\/\/api.w.org\/{rel}","templated":true}]}}