{"id":314200,"date":"2025-08-12T15:29:11","date_gmt":"2025-08-12T15:29:11","guid":{"rendered":"https:\/\/www.europesays.com\/fr\/314200\/"},"modified":"2025-08-12T15:29:11","modified_gmt":"2025-08-12T15:29:11","slug":"prison-avec-sursis-pour-le-pere-qui-menacait-ses-fils-avec-une-tronconneuse-pres-de-lyon","status":"publish","type":"post","link":"https:\/\/www.europesays.com\/fr\/314200\/","title":{"rendered":"Prison avec sursis pour le p\u00e8re qui mena\u00e7ait ses fils avec une tron\u00e7onneuse pr\u00e8s de Lyon"},"content":{"rendered":"<p itemprop=\"description\"><strong>C&rsquo;est une situation explosive que les gendarmes ont du d\u00e9samorcer le 14 juin dernier.<\/strong><\/p>\n<p>Au sein d&rsquo;une ferme r\u00e9nov\u00e9e en plusieurs appartements \u00e0 Belleville-en-Beaujolais, un homme de 70 ans avait menac\u00e9 ses fils \u00e0 l&rsquo;aide d&rsquo;une tron\u00e7onneuse en marche.<\/p>\n<p>Depuis la mort de sa femme, le p\u00e8re de famille est tomb\u00e9 dans l&rsquo;alcool et devient incontr\u00f4lable. Et ses relations avec ses trois enfants, qui vivent dans cette ferme, chacun dans son appartement, sont tr\u00e8s tendues. A tel point que ce jour de juin, il promet de massacrer tout le monde avec son outil.<\/p>\n<p>Le tribunal de Villefranche-sur-Sa\u00f4ne l&rsquo;a condamn\u00e9 \u00e0 8 mois de prison avec sursis et lui a interdit d&rsquo;entrer en contact avec les victimes, qui habitent pourtant sous le m\u00eame toit principal&#8230;<\/p>\n","protected":false},"excerpt":{"rendered":"C&rsquo;est une situation explosive que les gendarmes ont du d\u00e9samorcer le 14 juin dernier. Au sein d&rsquo;une ferme&hellip;\n","protected":false},"author":2,"featured_media":314201,"comment_status":"","ping_status":"","sticky":false,"template":"","format":"standard","meta":{"footnotes":""},"categories":[1889],"tags":[1111,11,2813,2190,2430,1109,251,1112,2811,1777,674,118,1011,27,1922,1110,1114,2428,2810,12,241,316,25,2812,517,800],"class_list":{"0":"post-314200","1":"post","2":"type-post","3":"status-publish","4":"format-standard","5":"has-post-thumbnail","7":"category-lyon","8":"tag-actu","9":"tag-actualites","10":"tag-article","11":"tag-asvel","12":"tag-auvergne-rhone-alpes","13":"tag-breves","14":"tag-culture","15":"tag-depeches","16":"tag-economique","17":"tag-eu","18":"tag-europe","19":"tag-faits-divers","20":"tag-fr","21":"tag-france","22":"tag-info","23":"tag-informations","24":"tag-infos","25":"tag-lyon","26":"tag-lyonmag","27":"tag-news","28":"tag-ol","29":"tag-politique","30":"tag-republique-francaise","31":"tag-sociale","32":"tag-sport","33":"tag-transports"},"share_on_mastodon":{"url":"https:\/\/pubeurope.com\/@fr\/115016509971165179","error":""},"_links":{"self":[{"href":"https:\/\/www.europesays.com\/fr\/wp-json\/wp\/v2\/posts\/314200","targetHints":{"allow":["GET"]}}],"collection":[{"href":"https:\/\/www.europesays.com\/fr\/wp-json\/wp\/v2\/posts"}],"about":[{"href":"https:\/\/www.europesays.com\/fr\/wp-json\/wp\/v2\/types\/post"}],"author":[{"embeddable":true,"href":"https:\/\/www.europesays.com\/fr\/wp-json\/wp\/v2\/users\/2"}],"replies":[{"embeddable":true,"href":"https:\/\/www.europesays.com\/fr\/wp-json\/wp\/v2\/comments?post=314200"}],"version-history":[{"count":0,"href":"https:\/\/www.europesays.com\/fr\/wp-json\/wp\/v2\/posts\/314200\/revisions"}],"wp:featuredmedia":[{"embeddable":true,"href":"https:\/\/www.europesays.com\/fr\/wp-json\/wp\/v2\/media\/314201"}],"wp:attachment":[{"href":"https:\/\/www.europesays.com\/fr\/wp-json\/wp\/v2\/media?parent=314200"}],"wp:term":[{"taxonomy":"category","embeddable":true,"href":"https:\/\/www.europesays.com\/fr\/wp-json\/wp\/v2\/categories?post=314200"},{"taxonomy":"post_tag","embeddable":true,"href":"https:\/\/www.europesays.com\/fr\/wp-json\/wp\/v2\/tags?post=314200"}],"curies":[{"name":"wp","href":"https:\/\/api.w.org\/{rel}","templated":true}]}}