{"id":314202,"date":"2025-08-12T15:30:18","date_gmt":"2025-08-12T15:30:18","guid":{"rendered":"https:\/\/www.europesays.com\/fr\/314202\/"},"modified":"2025-08-12T15:30:18","modified_gmt":"2025-08-12T15:30:18","slug":"pres-de-lyon-un-homme-qui-se-noie-dans-un-lac-evacue-par-helicoptere-en-urgence-absolue","status":"publish","type":"post","link":"https:\/\/www.europesays.com\/fr\/314202\/","title":{"rendered":"Pr\u00e8s de Lyon. Un homme qui se noie dans un lac \u00e9vacu\u00e9 par h\u00e9licopt\u00e8re en urgence absolue"},"content":{"rendered":"<p>            Par<br \/>\n        <strong><br \/>\n            <a href=\"https:\/\/actu.fr\/auteur\/emma-ressegaire\" title=\"Consulter tous les articles de Emma Ressegaire\" rel=\"nofollow noopener\" target=\"_blank\">Emma Ressegaire<\/a><br \/>\n        <\/strong><\/p>\n<p>        Publi\u00e9 le<\/p>\n<p>            12 ao\u00fbt 2025 \u00e0 17h23<br \/>\n        ; mis \u00e0 jour le 12 ao\u00fbt 2025 \u00e0 17h26    <\/p>\n<p>Les noyades se multiplient. Ce lundi 11 ao\u00fbt, aux alentours de 17 heures, un jeune homme qui se baignait avec des amis pr\u00e8s de la plage de l\u2019Atol\u2019, \u00e0 Miribel-Jonage dans la m\u00e9tropole de <a href=\"https:\/\/actu.fr\/auvergne-rhone-alpes\/lyon_69123\" rel=\"nofollow noopener\" target=\"_blank\">Lyon<\/a>, a <strong>subitement disparu dans l\u2019eau<\/strong>.<\/p>\n<p>    <a href=\"https:\/\/www.google.com\/maps\/embed?pb=!1m18!1m12!1m3!1d2781.4787644725684!2d4.938532411465261!3d45.80166927096089!2m3!1f0!2f0!3f0!3m2!1i1024!2i768!4f13.1!3m3!1m2!1s0x47f4bf60d3dd444f%3A0xa30df6059e773b98!2sPlage%20de%20L%27atol!5e0!3m2!1sfr!2sfr!4v1755011496743!5m2!1sfr!2sfr\" title=\"Ouvrie le lien\" rel=\"nofollow noopener\" target=\"_blank\">Cliquez ici pour visualiser le contenu<\/a><\/p>\n<p>Inconscient \u00e0 3 m de profondeur<\/p>\n<p class=\" wall-content\">Selon nos confr\u00e8res du <a href=\"https:\/\/c.leprogres.fr\/faits-divers-justice\/2025\/08\/12\/il-se-baignait-a-miribel-jonage-un-jeune-homme-evacue-en-urgence-absolue\" rel=\"nofollow noopener\" target=\"_blank\">Progr\u00e8s<\/a>, ce jeune homme de 22 ans a \u00e9t\u00e9 <strong>retrouv\u00e9 inconscient<\/strong> par les ma\u00eetres-nageurs \u00e0 trois m\u00e8tres de profondeur.<\/p>\n<p class=\" wall-content\">Le SAMU a r\u00e9ussi \u00e0 le r\u00e9animer. La victime a d\u00fb \u00eatre <strong>\u00e9vacu\u00e9e en urgence de la plage par h\u00e9licopt\u00e8re<\/strong> avec un <strong>pronostic vital engag\u00e9<\/strong> vers un h\u00f4pital de secteur.\u00a0<\/p>\n<p class=\" wall-content\">Toujours selon nos confr\u00e8res, \u00e0 ce jour, son \u00e9tat de sant\u00e9 n\u2019est pas connu.<\/p>\n<p class=\" wall-content\">Une enqu\u00eate, confi\u00e9e \u00e0 la division est de la police nationale, a \u00e9t\u00e9 ouverte pour <strong>d\u00e9terminer les circonstances et causes<\/strong> de ce drame.<\/p>\n<p>702 noyades accidentelles<\/p>\n<p class=\" wall-content\">Selon Sant\u00e9 Publique France, entre le 1er juin et le 23 juillet 2025, 702 noyades accidentelles ont \u00e9t\u00e9 prises en charge par les services de secours en France, en <strong>hausse de 50 %<\/strong> par rapport \u00e0 la m\u00eame p\u00e9riode en 2024.<\/p>\n<p class=\" wall-content\">Plus d\u2019un quart d\u2019entre elles, soit 193, ont caus\u00e9 la mort des victimes.\u00a0<\/p>\n<p class=\" wall-content\">Suivez toute l\u2019actualit\u00e9 de vos villes et m\u00e9dias favoris en vous inscrivant \u00e0 <a href=\"https:\/\/moncompte.actu.fr\" title=\"D\u00e9couvez Mon Actu\" rel=\"nofollow noopener\" data-trk=\"{&quot;cta&quot;:{&quot;action&quot;:&quot;https:\\\/\\\/moncompte.actu.fr&quot;,&quot;category&quot;:&quot;mon compte&quot;,&quot;from&quot;:&quot;article footer&quot;,&quot;name&quot;:&quot;Mon actu&quot;,&quot;type&quot;:&quot;cta&quot;}}\" target=\"_blank\">Mon Actu<\/a>.<\/p>\n","protected":false},"excerpt":{"rendered":"Par Emma Ressegaire Publi\u00e9 le 12 ao\u00fbt 2025 \u00e0 17h23 ; mis \u00e0 jour le 12 ao\u00fbt 2025&hellip;\n","protected":false},"author":2,"featured_media":314203,"comment_status":"","ping_status":"","sticky":false,"template":"","format":"standard","meta":{"footnotes":""},"categories":[1889],"tags":[119,1111,11,2430,1777,674,118,1011,27,2428,12,25],"class_list":{"0":"post-314202","1":"post","2":"type-post","3":"status-publish","4":"format-standard","5":"has-post-thumbnail","7":"category-lyon","8":"tag-accident","9":"tag-actu","10":"tag-actualites","11":"tag-auvergne-rhone-alpes","12":"tag-eu","13":"tag-europe","14":"tag-faits-divers","15":"tag-fr","16":"tag-france","17":"tag-lyon","18":"tag-news","19":"tag-republique-francaise"},"share_on_mastodon":{"url":"https:\/\/pubeurope.com\/@fr\/115016513765296369","error":""},"_links":{"self":[{"href":"https:\/\/www.europesays.com\/fr\/wp-json\/wp\/v2\/posts\/314202","targetHints":{"allow":["GET"]}}],"collection":[{"href":"https:\/\/www.europesays.com\/fr\/wp-json\/wp\/v2\/posts"}],"about":[{"href":"https:\/\/www.europesays.com\/fr\/wp-json\/wp\/v2\/types\/post"}],"author":[{"embeddable":true,"href":"https:\/\/www.europesays.com\/fr\/wp-json\/wp\/v2\/users\/2"}],"replies":[{"embeddable":true,"href":"https:\/\/www.europesays.com\/fr\/wp-json\/wp\/v2\/comments?post=314202"}],"version-history":[{"count":0,"href":"https:\/\/www.europesays.com\/fr\/wp-json\/wp\/v2\/posts\/314202\/revisions"}],"wp:featuredmedia":[{"embeddable":true,"href":"https:\/\/www.europesays.com\/fr\/wp-json\/wp\/v2\/media\/314203"}],"wp:attachment":[{"href":"https:\/\/www.europesays.com\/fr\/wp-json\/wp\/v2\/media?parent=314202"}],"wp:term":[{"taxonomy":"category","embeddable":true,"href":"https:\/\/www.europesays.com\/fr\/wp-json\/wp\/v2\/categories?post=314202"},{"taxonomy":"post_tag","embeddable":true,"href":"https:\/\/www.europesays.com\/fr\/wp-json\/wp\/v2\/tags?post=314202"}],"curies":[{"name":"wp","href":"https:\/\/api.w.org\/{rel}","templated":true}]}}