{"id":314206,"date":"2025-08-12T15:33:10","date_gmt":"2025-08-12T15:33:10","guid":{"rendered":"https:\/\/www.europesays.com\/fr\/314206\/"},"modified":"2025-08-12T15:33:10","modified_gmt":"2025-08-12T15:33:10","slug":"des-trains-supprimes-a-cause-de-la-canicule-et-des-voyageurs-frustres","status":"publish","type":"post","link":"https:\/\/www.europesays.com\/fr\/314206\/","title":{"rendered":"des trains supprim\u00e9s \u00e0 cause de la canicule et des voyageurs frustr\u00e9s"},"content":{"rendered":"<p>            Par<br \/>\n        <strong><br \/>\n            <a href=\"https:\/\/actu.fr\/auteur\/julie-bossart-actu-fr\" title=\"Consulter tous les articles de Julie Bossart\" target=\"_blank\" rel=\"noopener\">Julie Bossart<\/a><br \/>\n        <\/strong><\/p>\n<p>        Publi\u00e9 le<\/p>\n<p>            12 ao\u00fbt 2025 \u00e0 17h00        <\/p>\n<p>Une chose est s\u00fbre, les voyageurs ont tout int\u00e9r\u00eat \u00e0 suivre les communications de la <a href=\"https:\/\/actu.fr\/societe\/canicule-fortes-chaleurs-les-raisons-qui-poussent-la-sncf-a-annuler-des-trains-cet-ete_63021501.html\" target=\"_blank\" rel=\"noopener\">SNCF<\/a> en cette p\u00e9riode de<a href=\"https:\/\/actu.fr\/tag\/canicule\" target=\"_blank\" rel=\"noopener\"> canicule<\/a> qui s\u00e9vit dans le pays. \u00c0 l\u2019heure actuelle, 14 d\u00e9partements sont plac\u00e9s en vigilance rouge par M\u00e9t\u00e9o-France \u2013 <a href=\"https:\/\/actu.fr\/ile-de-france\/paris_75056\/il-va-faire-encore-plus-chaud-a-paris-et-en-ile-de-france-meteo-france-augmente-la-vigilance-canicule_63023302.html\" target=\"_blank\" rel=\"noopener\">Paris et l\u2019\u00cele-de-France sont au niveau orange<\/a>. Antoine vient ainsi d\u2019apprendre par mail que son train \u00e0 destination de La Souterraine (Creuse), avec un d\u00e9part de la <a href=\"https:\/\/actu.fr\/tag\/gare-d-austerlitz-2\" target=\"_blank\" rel=\"noopener\">gare d\u2019Austerlitz<\/a> (<a href=\"https:\/\/actu.fr\/paris\/dernieres-actus\" target=\"_blank\" rel=\"noopener\">Paris<\/a>, 13e) vendredi, \u00e9tait supprim\u00e9 en raison des fortes chaleurs.<\/p>\n<p>\u00ab\u00a0Il n\u2019y a pas mort d\u2019homme, mais\u2026\u00a0\u00bb<\/p>\n<p class=\" wall-content\">Ces derni\u00e8res peuvent \u00ab\u2009entra\u00eener des <a href=\"https:\/\/actu.fr\/societe\/canicule-fortes-chaleurs-les-raisons-qui-poussent-la-sncf-a-annuler-des-trains-cet-ete_63021501.html\" target=\"_blank\" rel=\"noopener\">d\u00e9r\u00e8glements ou des pannes<\/a>, notamment en cas de faiblesse du syst\u00e8me de climatisation pr\u00e9sent dans le train\u2009\u00bb, a r\u00e9cemment justifi\u00e9 le groupe ferroviaire. Elles peuvent aussi dilater les rails ou perturber les syst\u00e8mes de signalisation ou les cat\u00e9naires. R\u00e9sultat\u2009: aujourd\u2019hui et demain, une vingtaine voitures les plus anciennes du r\u00e9seau ne rouleront pas sur les lignes Intercit\u00e9s Paris-Clermont-Ferrand et Bordeaux-Marseille.<\/p>\n<p class=\" wall-content\">Grosse d\u00e9ception pour Antoine, invit\u00e9 \u00e0 des noces. \u00ab\u2009En plus, mon amie ira sans moi. Elle doit arriver un jour avant et son train, lui, n\u2019a pas \u00e9t\u00e9 annul\u00e9. Donc pas de mariage de moi.\u2009\u00bb Le jeune homme le conc\u00e8de\u2009: \u00ab\u2009Il n\u2019y a pas mort d\u2019homme, mais c\u2019est vraiment enquiquinant d\u2019avoir tout pr\u00e9par\u00e9 bien comme il faut et de voir tout annul\u00e9 trois jours avant. Et puis, il y avait encore les d\u00e9marches \u00e0 faire pour se faire rembourser\u2026\u2009\u00bb<\/p>\n<p class=\" wall-content\">Marie, de son c\u00f4t\u00e9, n\u2019a pas vu ou n\u2019a pas re\u00e7u, comme elle l\u2019affirme, le message lui indiquant que son train \u00e9tait annul\u00e9. Samedi dernier, elle qui devait rallier Paris-Austerlitz depuis Issoudun (Indre) s\u2019en est rendu compte fortuitement en consultant le site de la SNCF. Elle a d\u00fb patienter jusqu\u2019au prochain d\u00e9part. Apr\u00e8s une heure d\u2019arr\u00eat \u00e0 Vierzon (Cher), elle a fini par arriver peu avant 21\u00a0heures.<\/p>\n<p class=\" wall-content\">Invit\u00e9 de <a href=\"https:\/\/rmc.bfmtv.com\/actualites\/societe\/transports\/canicule-une-dizaine-de-trains-sncf-supprimes-ce-mardi-philippe-tabarot-justifie-une-precaution_AV-202508120196.html?at_brand=RMC&amp;at_compte=RMCInfo&amp;at_plateforme=twitter&amp;at_campaign=Fan_pages&amp;at_medium=Community_Management\" target=\"_blank\" rel=\"noopener\">RMC<\/a> ce matin, le ministre des Transports, <a href=\"https:\/\/actu.fr\/politique\/gouvernement-bayrou-le-nouveau-ministre-des-transports-a-appris-sa-nomination-devant-sa-tele_62047982.html\" target=\"_blank\" rel=\"noopener\">Philippe Tabarot<\/a>, a estim\u00e9 que la d\u00e9cision de la SNCF de supprimer des trains \u00e9tait \u00ab\u2009peu glorieuse\u2009\u00bb, mais \u00ab\u2009r\u00e9aliste et pr\u00e9cautionneuse par rapport \u00e0 l\u2019\u00e9tat du mat\u00e9riel aujourd\u2019hui\u2009\u00bb. Et par rapport au bien-\u00eatre des passagers, a-t-il ajout\u00e9 : \u00ab\u2009En accord avec la SNCF, nous n\u2019avons pas voulu prendre le risque de [\u2026] de laisser en cas de probl\u00e8me quatre \u00e0 cinq heures des voyageurs \u00e0 l\u2019arr\u00eat sans climatisation.\u2009\u00bb<\/p>\n<p class=\" wall-content\">Selon les <a href=\"https:\/\/actu.fr\/meteo\/les-40-c-seront-encore-atteints-un-episode-de-canicule-loin-d-etre-fini-jusqu-a-quand-va-t-on-suffoquer_63023188.html\" target=\"_blank\" rel=\"noopener\">pr\u00e9visions de M\u00e9t\u00e9o-France<\/a>, l\u2019\u00e9pisode de canicule va durer :\u00a0 si \u00ab\u2009les temp\u00e9ratures se stabiliseront en milieu de semaine\u2009\u00bb et les nuages accompagnant les orages soulageront un peu la sensation de chaleur, le mercure restera tr\u00e8s haut toute cette semaine, et m\u00eame apr\u00e8s.<\/p>\n<p class=\" wall-content\">Suivez toute l\u2019actualit\u00e9 de vos villes et m\u00e9dias favoris en vous inscrivant \u00e0 <a href=\"https:\/\/moncompte.actu.fr\" title=\"D\u00e9couvez Mon Actu\" rel=\"nofollow noopener\" data-trk=\"{&quot;cta&quot;:{&quot;action&quot;:&quot;https:\\\/\\\/moncompte.actu.fr&quot;,&quot;category&quot;:&quot;mon compte&quot;,&quot;from&quot;:&quot;article footer&quot;,&quot;name&quot;:&quot;Mon actu&quot;,&quot;type&quot;:&quot;cta&quot;}}\" target=\"_blank\">Mon Actu<\/a>.<\/p>\n","protected":false},"excerpt":{"rendered":"Par Julie Bossart Publi\u00e9 le 12 ao\u00fbt 2025 \u00e0 17h00 Une chose est s\u00fbre, les voyageurs ont tout&hellip;\n","protected":false},"author":2,"featured_media":314207,"comment_status":"","ping_status":"","sticky":false,"template":"","format":"standard","meta":{"footnotes":""},"categories":[1888],"tags":[1111,1928,11,1927,6698,1777,674,1011,27,12,1926,626,1925,25,2215,104,2803],"class_list":{"0":"post-314206","1":"post","2":"type-post","3":"status-publish","4":"format-standard","5":"has-post-thumbnail","7":"category-paris","8":"tag-actu","9":"tag-actu-paris","10":"tag-actualites","11":"tag-actualites-paris","12":"tag-canicule","13":"tag-eu","14":"tag-europe","15":"tag-fr","16":"tag-france","17":"tag-news","18":"tag-news-paris","19":"tag-paris","20":"tag-paris-news","21":"tag-republique-francaise","22":"tag-sncf","23":"tag-societe","24":"tag-transport"},"share_on_mastodon":{"url":"https:\/\/pubeurope.com\/@fr\/115016525615148087","error":""},"_links":{"self":[{"href":"https:\/\/www.europesays.com\/fr\/wp-json\/wp\/v2\/posts\/314206","targetHints":{"allow":["GET"]}}],"collection":[{"href":"https:\/\/www.europesays.com\/fr\/wp-json\/wp\/v2\/posts"}],"about":[{"href":"https:\/\/www.europesays.com\/fr\/wp-json\/wp\/v2\/types\/post"}],"author":[{"embeddable":true,"href":"https:\/\/www.europesays.com\/fr\/wp-json\/wp\/v2\/users\/2"}],"replies":[{"embeddable":true,"href":"https:\/\/www.europesays.com\/fr\/wp-json\/wp\/v2\/comments?post=314206"}],"version-history":[{"count":0,"href":"https:\/\/www.europesays.com\/fr\/wp-json\/wp\/v2\/posts\/314206\/revisions"}],"wp:featuredmedia":[{"embeddable":true,"href":"https:\/\/www.europesays.com\/fr\/wp-json\/wp\/v2\/media\/314207"}],"wp:attachment":[{"href":"https:\/\/www.europesays.com\/fr\/wp-json\/wp\/v2\/media?parent=314206"}],"wp:term":[{"taxonomy":"category","embeddable":true,"href":"https:\/\/www.europesays.com\/fr\/wp-json\/wp\/v2\/categories?post=314206"},{"taxonomy":"post_tag","embeddable":true,"href":"https:\/\/www.europesays.com\/fr\/wp-json\/wp\/v2\/tags?post=314206"}],"curies":[{"name":"wp","href":"https:\/\/api.w.org\/{rel}","templated":true}]}}