{"id":314222,"date":"2025-08-12T15:41:23","date_gmt":"2025-08-12T15:41:23","guid":{"rendered":"https:\/\/www.europesays.com\/fr\/314222\/"},"modified":"2025-08-12T15:41:23","modified_gmt":"2025-08-12T15:41:23","slug":"un-acte-de-censure-polemique-en-allemagne-autour-dune-creation-dune-compositrice-comportant-des-slogans-pro-palestiniens","status":"publish","type":"post","link":"https:\/\/www.europesays.com\/fr\/314222\/","title":{"rendered":"Un acte de &lsquo;censure&rsquo;\u00a0: pol\u00e9mique en Allemagne autour d\u2019une cr\u00e9ation d\u2019une compositrice, comportant des slogans pro-palestiniens"},"content":{"rendered":"<p>En\u00a01946, au sortir de la Seconde Guerre Mondiale, naissait en Allemagne l\u2019id\u00e9e de cr\u00e9er les \u00ab\u00a0Cours d\u2019\u00e9t\u00e9 internationaux pour la Musique nouvelle\u00a0\u00bb, dont l\u2019objectif \u00e9tait de faire rena\u00eetre la cr\u00e9ation contemporaine en Allemagne, qui avait \u00e9norm\u00e9ment souffert du r\u00e9gime nazi, qui la\u00a0consid\u00e9raient comme une \u00ab\u00a0musique d\u00e9g\u00e9n\u00e9r\u00e9e\u00a0\u00bb.<\/p>\n<p>Tr\u00e8s rapidement, le festival de Darmstadt acqui\u00e8re une r\u00e9putation internationale et encore aujourd\u2019hui, compositrices et compositeurs se rassemblent chaque \u00e9t\u00e9 \u00e0 Darmstadt. Cette \u00e9dition 2025, qui vient de se cl\u00f4turer, a \u00e9t\u00e9 entach\u00e9e par une pol\u00e9mique li\u00e9e \u00e0 la Guerre entre la Palestine et Isra\u00ebl. La compositrice argentine Ada Gomiz, qui a particip\u00e9 \u00e0 l\u2019atelier\u00a0\u00ab\u00a0The Enby Future Manifesto\u00a0\u00bb de Luxa M. Sch\u00fcttler, a publi\u00e9 une lettre ouverte dans laquelle elle d\u00e9nonce l\u2019acte de censure dont a \u00e9t\u00e9 victime sa cr\u00e9ation, intitul\u00e9e \u00ab\u00a0Huella Winka\u00a0\u00bb, car celle-ci comportait les slogans \u00ab\u00a0Free Palestine\u00a0\u00bb et \u00ab\u00a0Stop Genocide\u00a0\u00bb. \u00ab\u00a0Apparemment, la Fondation Schader Stifung [ndlr. qui devait accueillir la performance de la compositrice], qui nous avait initialement accueillis avec un discours progressiste d\u2019acceptation de la diversit\u00e9, des droits humains et autres, ne tol\u00e8re aucune mention d\u2019un g\u00e9nocide en cours\u00a0\u00bb, a-t-elle \u00e9crit dans sa lettre ouverte, dans laquelle elle explique que l\u2019organisation a pris l\u2019initiative de retirer son \u0153uvre de l\u2019espace, sans lui demander son avis et \u00ab\u00a0risquant de l\u2019endommager\u00a0\u00bb.<\/p>\n<p>Et d\u2019ajouter\u00a0: \u00ab\u00a0Le Festival de Darmstadt a toujours \u00e9t\u00e9 un porte-\u00e9tendard de la lutte contre le fascisme et s\u2019est impos\u00e9 comme un espace de libert\u00e9 pour la musique contemporaine. Plus de 70 ans apr\u00e8s sa cr\u00e9ation au lendemain de la terrible Seconde Guerre mondiale et du g\u00e9nocide du peuple juif, j\u2019insiste sur la n\u00e9cessit\u00e9 de revenir sur [\u2026] cette attitude de censure.\u00a0\u00bb<\/p>\n<p>Dans sa lettre, la compositrice argentine explique que sa pi\u00e8ce \u00e9voque le lien \u00ab\u00a0entre\u00a0le terricide (l\u2019\u00e9cocide et la destruction des communaut\u00e9s) et le g\u00e9nocide palestinien\u00a0\u00bb.<\/p>\n<p><a href=\"https:\/\/www.diapasonmag.fr\/a-la-une\/stop-genocide-a-darmstadt-polemique-autour-dune-piece-de-la-compositrice-ada-gomiz-58250.html\" target=\"_blank\" rel=\"nofollow noopener\">Comme le mentionnent nos confr\u00e8res du magazine Diapason<\/a>, cet acte de censure \u2013 sur lequel le Festival n\u2019a rien communiqu\u00e9 &#8211;\u00a0a suscit\u00e9 de vives r\u00e9actions dans le monde de la musique de cr\u00e9ation, \u00e0 commencer par le compositeur italien Marco Momi, qui avait re\u00e7u \u00e0 Darmstadt le\u00a0prix Kranichstein en\u00a02008 et qui a annonc\u00e9 vouloir rendre ce prix en signe de soutien envers Ada Gomiz.<\/p>\n","protected":false},"excerpt":{"rendered":"En\u00a01946, au sortir de la Seconde Guerre Mondiale, naissait en Allemagne l\u2019id\u00e9e de cr\u00e9er les \u00ab\u00a0Cours d\u2019\u00e9t\u00e9 internationaux&hellip;\n","protected":false},"author":2,"featured_media":314223,"comment_status":"","ping_status":"","sticky":false,"template":"","format":"standard","meta":{"footnotes":""},"categories":[1587],"tags":[11,672,1804,1805,1803,1777,674,1801,12,1802],"class_list":{"0":"post-314222","1":"post","2":"type-post","3":"status-publish","4":"format-standard","5":"has-post-thumbnail","7":"category-allemagne","8":"tag-actualites","9":"tag-allemagne","10":"tag-bundesrepublik-deutschland","11":"tag-de","12":"tag-deutschland","13":"tag-eu","14":"tag-europe","15":"tag-germany","16":"tag-news","17":"tag-republique-federale-dallemagne"},"share_on_mastodon":{"url":"https:\/\/pubeurope.com\/@fr\/115016557126646622","error":""},"_links":{"self":[{"href":"https:\/\/www.europesays.com\/fr\/wp-json\/wp\/v2\/posts\/314222","targetHints":{"allow":["GET"]}}],"collection":[{"href":"https:\/\/www.europesays.com\/fr\/wp-json\/wp\/v2\/posts"}],"about":[{"href":"https:\/\/www.europesays.com\/fr\/wp-json\/wp\/v2\/types\/post"}],"author":[{"embeddable":true,"href":"https:\/\/www.europesays.com\/fr\/wp-json\/wp\/v2\/users\/2"}],"replies":[{"embeddable":true,"href":"https:\/\/www.europesays.com\/fr\/wp-json\/wp\/v2\/comments?post=314222"}],"version-history":[{"count":0,"href":"https:\/\/www.europesays.com\/fr\/wp-json\/wp\/v2\/posts\/314222\/revisions"}],"wp:featuredmedia":[{"embeddable":true,"href":"https:\/\/www.europesays.com\/fr\/wp-json\/wp\/v2\/media\/314223"}],"wp:attachment":[{"href":"https:\/\/www.europesays.com\/fr\/wp-json\/wp\/v2\/media?parent=314222"}],"wp:term":[{"taxonomy":"category","embeddable":true,"href":"https:\/\/www.europesays.com\/fr\/wp-json\/wp\/v2\/categories?post=314222"},{"taxonomy":"post_tag","embeddable":true,"href":"https:\/\/www.europesays.com\/fr\/wp-json\/wp\/v2\/tags?post=314222"}],"curies":[{"name":"wp","href":"https:\/\/api.w.org\/{rel}","templated":true}]}}