{"id":314226,"date":"2025-08-12T15:43:11","date_gmt":"2025-08-12T15:43:11","guid":{"rendered":"https:\/\/www.europesays.com\/fr\/314226\/"},"modified":"2025-08-12T15:43:11","modified_gmt":"2025-08-12T15:43:11","slug":"subventions-etrangeres-bruxelles-change-les-regles-du-jeu-pour-enqueter-sur-les-exportations-chinoises","status":"publish","type":"post","link":"https:\/\/www.europesays.com\/fr\/314226\/","title":{"rendered":"Subventions \u00e9trang\u00e8res : Bruxelles change les r\u00e8gles du jeu pour enqu\u00eater sur les exportations chinoises\u00a0"},"content":{"rendered":"<p style=\"text-align: left\">Cr\u00e9\u00e9 en 2023 par l\u2019ancien commissaire europ\u00e9en au March\u00e9 int\u00e9rieur, le Fran\u00e7ais Thierry Breton, le r\u00e8glement sur les subventions \u00e9trang\u00e8res a \u00e9t\u00e9 au c\u0153ur de plusieurs enqu\u00eates sur des entreprises chinoises candidates \u00e0 des march\u00e9s publics de l\u2019UE, allant des appareils m\u00e9dicaux au mat\u00e9riel roulant ferroviaire.<\/p>\n<p style=\"text-align: left\">L\u2019argument de la Commission est simple : les entreprises \u00e9trang\u00e8res, g\u00e9n\u00e9ralement chinoises, per\u00e7oivent trop d\u2019argent public pour que les entreprises europ\u00e9ennes puissent suivre.<\/p>\n<p style=\"text-align: left\">\u00ab\u2009Les march\u00e9s publics repr\u00e9sentent environ 15\u00a0% du produit national brut de l\u2019UE\u2009\u00bb, a indiqu\u00e9 mardi 12 ao\u00fbt le Fran\u00e7ais St\u00e9phane S\u00e9journ\u00e9, actuel commissaire europ\u00e9en du March\u00e9 unique. Il a sollicit\u00e9 les entreprises de l\u2019UE afin qu\u2019elles fournissent des preuves de l\u2019existence de subventions ayant un effet de distorsion et provoquant des lourdeurs administratives.<\/p>\n<p style=\"text-align: left\">Selon les explications avanc\u00e9es par l\u2019ex\u00e9cutif europ\u00e9en, la r\u00e9vision des r\u00e8gles en 2026 se concentrerait sur l\u2019\u00e9valuation du montant des subventions publiques \u00e9trang\u00e8res affectant le march\u00e9 de l\u2019Union, y compris l\u2019impact de l\u2019habilitation de la Commission \u00e0 lancer ses propres enqu\u00eates.<\/p>\n<p>Le m\u00e9contentement de P\u00e9kin<\/p>\n<p style=\"text-align: left\">Les r\u00e8gles sont devenues l\u2019un des points de friction de <a href=\"https:\/\/www.euractiv.fr\/section\/politics\/news\/guerre-commerciale-entre-lue-et-la-chine-la-commission-rejette-les-menaces-chinoises\/\" rel=\"nofollow noopener\" target=\"_blank\">la querelle<\/a> entre Bruxelles et P\u00e9kin.<\/p>\n<p style=\"text-align: left\">L\u2019Europe a lanc\u00e9 les hostilit\u00e9s en 2024 en s\u2019appuyant sur <a href=\"https:\/\/ec.europa.eu\/commission\/presscorner\/detail\/en\/ip_24_887\" rel=\"nofollow noopener\" target=\"_blank\">la loi<\/a> pour v\u00e9rifier si le producteur chinois de mat\u00e9riel roulant CRRC, d\u00e9tenu par l\u2019\u00c9tat, avait soumis \u00ab\u2009une offre ind\u00fbment avantageuse\u2009\u00bb, comme l\u2019avait d\u00e9clar\u00e9 Thierry Breton \u00e0 l\u2019\u00e9poque. D\u2019autres enqu\u00eates ont vis\u00e9 des  fabricants chinois  de <a href=\"https:\/\/www.euractiv.fr\/section\/eet\/news\/energie-solaire-lue-ouvre-des-enquetes-anti-subventions-visant-des-groupes-chinois\/\" rel=\"nofollow noopener\" target=\"_blank\">panneaux solaires<\/a>, de <a href=\"https:\/\/www.euractiv.fr\/section\/economy-jobs\/news\/lue-adopte-de-nouveaux-droits-de-douane-sur-les-vehicules-electriques-chinois\/\" rel=\"nofollow noopener\" target=\"_blank\">v\u00e9hicules \u00e9lectriques<\/a> et d\u2019<a href=\"https:\/\/windeurope.org\/newsroom\/press-releases\/eu-starts-investigation-into-chinese-wind-turbines-under-new-foreign-subsidies-regulation\/\" rel=\"nofollow noopener\" target=\"_blank\">\u00e9oliennes<\/a>.<\/p>\n<p style=\"text-align: left\">La Chine a ripost\u00e9 en juin 2025 lorsque le minist\u00e8re du Commerce a annonc\u00e9 mener une contre-enqu\u00eate en r\u00e9ponse \u00e0 l\u2019avalanche d\u2019enqu\u00eates de l\u2019UE. Les entreprises chinoises \u00e0 l\u2019origine de la contre-enqu\u00eate ont laiss\u00e9 entendre que Bruxelles s\u2019int\u00e9ressait \u00e0 leurs secrets d\u2019entreprise, une accusation que la Commission a r\u00e9fut\u00e9e.<\/p>\n<p style=\"text-align: left\">\u00ab\u2009Lorsqu\u2019elle m\u00e8ne une enqu\u00eate sur la concurrence, y compris dans le cadre du r\u00e8glement sur les subventions \u00e9trang\u00e8res, la Commission est l\u00e9galement tenue \u00e0 la confidentialit\u00e9 et a l\u2019obligation de prot\u00e9ger les secrets d\u2019affaires\u2009\u00bb, a expliqu\u00e9 un porte-parole \u00e0 Euractiv.<\/p>\n","protected":false},"excerpt":{"rendered":"Cr\u00e9\u00e9 en 2023 par l\u2019ancien commissaire europ\u00e9en au March\u00e9 int\u00e9rieur, le Fran\u00e7ais Thierry Breton, le r\u00e8glement sur les&hellip;\n","protected":false},"author":2,"featured_media":314227,"comment_status":"","ping_status":"","sticky":false,"template":"","format":"standard","meta":{"footnotes":""},"categories":[1586],"tags":[11,1777,674,1779,1011,27,12,25,1778,364],"class_list":{"0":"post-314226","1":"post","2":"type-post","3":"status-publish","4":"format-standard","5":"has-post-thumbnail","7":"category-europe","8":"tag-actualites","9":"tag-eu","10":"tag-europe","11":"tag-european-union","12":"tag-fr","13":"tag-france","14":"tag-news","15":"tag-republique-francaise","16":"tag-ue","17":"tag-union-europeenne"},"share_on_mastodon":{"url":"https:\/\/pubeurope.com\/@fr\/115016564985200122","error":""},"_links":{"self":[{"href":"https:\/\/www.europesays.com\/fr\/wp-json\/wp\/v2\/posts\/314226","targetHints":{"allow":["GET"]}}],"collection":[{"href":"https:\/\/www.europesays.com\/fr\/wp-json\/wp\/v2\/posts"}],"about":[{"href":"https:\/\/www.europesays.com\/fr\/wp-json\/wp\/v2\/types\/post"}],"author":[{"embeddable":true,"href":"https:\/\/www.europesays.com\/fr\/wp-json\/wp\/v2\/users\/2"}],"replies":[{"embeddable":true,"href":"https:\/\/www.europesays.com\/fr\/wp-json\/wp\/v2\/comments?post=314226"}],"version-history":[{"count":0,"href":"https:\/\/www.europesays.com\/fr\/wp-json\/wp\/v2\/posts\/314226\/revisions"}],"wp:featuredmedia":[{"embeddable":true,"href":"https:\/\/www.europesays.com\/fr\/wp-json\/wp\/v2\/media\/314227"}],"wp:attachment":[{"href":"https:\/\/www.europesays.com\/fr\/wp-json\/wp\/v2\/media?parent=314226"}],"wp:term":[{"taxonomy":"category","embeddable":true,"href":"https:\/\/www.europesays.com\/fr\/wp-json\/wp\/v2\/categories?post=314226"},{"taxonomy":"post_tag","embeddable":true,"href":"https:\/\/www.europesays.com\/fr\/wp-json\/wp\/v2\/tags?post=314226"}],"curies":[{"name":"wp","href":"https:\/\/api.w.org\/{rel}","templated":true}]}}