{"id":314234,"date":"2025-08-12T15:52:11","date_gmt":"2025-08-12T15:52:11","guid":{"rendered":"https:\/\/www.europesays.com\/fr\/314234\/"},"modified":"2025-08-12T15:52:11","modified_gmt":"2025-08-12T15:52:11","slug":"ces-circuits-sur-lesquels-marc-marquez-na-jamais-gagne","status":"publish","type":"post","link":"https:\/\/www.europesays.com\/fr\/314234\/","title":{"rendered":"Ces circuits sur lesquels Marc M\u00e1rquez n&rsquo;a jamais gagn\u00e9"},"content":{"rendered":"<p>La reprise de la saison 2025 de <a href=\"https:\/\/www.autohebdo.fr\/actualites\/motogp\" data-internallinksmanager029f6b8e52c=\"4\" title=\"MotoGP\" rel=\"nofollow noopener\" target=\"_blank\">MotoGP<\/a> se fera en Autriche ce week-end. Rest\u00e9 sur cinq victoires cons\u00e9cutives, Marc M\u00e1rquez appara\u00eet comme le favori incontestable \u00e0 la victoire. Pourtant, le leader du championnat ne s\u2019est jamais impos\u00e9 sur le <a href=\"https:\/\/www.autohebdo.fr\/actualites\/ecurie\/red-bull-racing\" data-internallinksmanager029f6b8e52c=\"78\" title=\"Ecurie F1 Red Bull Racing\" rel=\"nofollow noopener\" target=\"_blank\">Red Bull<\/a> Ring. Un cas de figure assez rare dans le chef du Catalan, auquel il sera cependant confront\u00e9 \u00e0 quatre reprises en secondes partie de saison.<\/p>\n<p>En effet, sur les 22 circuits inscrits au calendrier, seuls quatre n\u2019ont jamais vu l\u2019octuple champion du monde monter sur la plus haute marche du podium. Le Red Bull Ring (Autriche), Balaton Park (Hongrie), Mandalika (Indon\u00e9sie) et Portim\u00e3o (Portugal) sont encore absents de son palmar\u00e8s.<\/p>\n<p>Parmi ces quatre trac\u00e9s, un seul figurait d\u00e9j\u00e0 au calendrier avant la blessure de M\u00e1rquez en 2020, suivie le d\u00e9clin de Honda\u202f: le Red Bull Ring. Il y a pourtant souvent flirt\u00e9 avec la victoire\u202f: trois podiums, tous en deuxi\u00e8me position, et trois poles cons\u00e9cutives entre 2017 et 2019.<\/p>\n<p><a href=\"https:\/\/www.europesays.com\/fr\/wp-content\/uploads\/2025\/08\/54652136283_a821455668_c.jpg\" data-lbwps-width=\"800\" data-lbwps-height=\"533\" data-lbwps-srcsmall=\"https:\/\/www.autohebdo.fr\/app\/uploads\/2025\/08\/54652136283_a821455668_c-300x200.jpg\"><img fetchpriority=\"high\" decoding=\"async\" aria-describedby=\"caption-attachment-626755\" class=\"wp-image-626755\" src=\"https:\/\/www.europesays.com\/fr\/wp-content\/uploads\/2025\/08\/54652136283_a821455668_c.jpg\" alt=\"M\u00e1rquez\" width=\"665\" height=\"443\"  \/><\/a><\/p>\n<p id=\"caption-attachment-626755\" class=\"wp-caption-text\">\u00a9 Michelin Motorsports<\/p>\n<p>Depuis son retour au championnat en 2016, ce circuit est cependant devenu un bastion pour Ducati. Borgo Panigale y compte huit victoires \u2013 dont trois sign\u00e9es Pecco Bagnaia \u2013 en dix \u00e9ditions. Ce week-end, Marc Marquez sera donc dans les meilleures conditions pour y d\u00e9crocher son premier succ\u00e8s.<\/p>\n<p>Plus tard cette saison, la discipline se rendra sur les trois autres circuits de cette courte liste. Tous arriv\u00e9es plus r\u00e9cemment au calendrier. Le Balaton Park fera ses grands d\u00e9buts la semaine prochaine (22-24 ao\u00fbt). Personne ne s\u2019y est donc encore impos\u00e9.\u202fIl y aura ensuite Mandalika, en Indon\u00e9sie. Circuit ayant fait ses d\u00e9buts en 2022. Enfin, Portim\u00e3o (Portugal), avant derni\u00e8re manche de la saison, qui a accueilli son premier Grand Prix MotoGP en 2020, l\u2019ann\u00e9e de la blessure de M\u00e1rquez. L\u2019Espagnol n\u2019avait d\u2019ailleurs pas pu disputer la manche inaugurale.<\/p>\n<p>Sur l\u2019ensemble de sa carri\u00e8re, il n\u2019y a qu\u2019<a href=\"https:\/\/mcusercontent.com\/828d05dc5f4c88573aeb98365\/files\/06198afa-144a-2d87-b7b9-e27959deed3f\/PreGP_AustrianGP_2024.pdf\" rel=\"nofollow noopener\" target=\"_blank\">un autre trac\u00e9<\/a> sur lequel Marc Marquez a roul\u00e9 sans y trouver la victoire. Il s\u2019agit du Buddh International Circuit, qui a accueilli l\u2019unique \u00e9dition du Grand Prix d\u2019Inde, en 2023. La course principale avait \u00e9t\u00e9 remport\u00e9e par Marco Bezzecchi, devant Jorge Martin et <a href=\"https:\/\/www.autohebdo.fr\/actualites\/tag\/fabio-quartararo\" data-internallinksmanager029f6b8e52c=\"15\" title=\"Fabio Quartararo\" rel=\"nofollow noopener\" target=\"_blank\">Fabio Quartararo<\/a>.<\/p>\n<p><strong>\u00c0 LIRE AUSSI &gt;\u00a0<a href=\"https:\/\/www.autohebdo.fr\/actualites\/motogp\/alex-marquez-surpris-par-son-nouveau-statut-les-equipes-viennent-a-moi.html\" rel=\"nofollow noopener\" target=\"_blank\">\u00c1lex M\u00e1rquez surpris par son nouveau statut : \u00ab Les \u00e9quipes viennent \u00e0 moi \u00bb<\/a><\/strong><\/p>\n","protected":false},"excerpt":{"rendered":"La reprise de la saison 2025 de MotoGP se fera en Autriche ce week-end. Rest\u00e9 sur cinq victoires&hellip;\n","protected":false},"author":2,"featured_media":314235,"comment_status":"","ping_status":"","sticky":false,"template":"","format":"standard","meta":{"footnotes":""},"categories":[1413],"tags":[1011,27,1457,1456,60],"class_list":{"0":"post-314234","1":"post","2":"type-post","3":"status-publish","4":"format-standard","5":"has-post-thumbnail","7":"category-moto","8":"tag-fr","9":"tag-france","10":"tag-moto","11":"tag-motocycle","12":"tag-sports"},"share_on_mastodon":{"url":"https:\/\/pubeurope.com\/@fr\/115016600652453043","error":""},"_links":{"self":[{"href":"https:\/\/www.europesays.com\/fr\/wp-json\/wp\/v2\/posts\/314234","targetHints":{"allow":["GET"]}}],"collection":[{"href":"https:\/\/www.europesays.com\/fr\/wp-json\/wp\/v2\/posts"}],"about":[{"href":"https:\/\/www.europesays.com\/fr\/wp-json\/wp\/v2\/types\/post"}],"author":[{"embeddable":true,"href":"https:\/\/www.europesays.com\/fr\/wp-json\/wp\/v2\/users\/2"}],"replies":[{"embeddable":true,"href":"https:\/\/www.europesays.com\/fr\/wp-json\/wp\/v2\/comments?post=314234"}],"version-history":[{"count":0,"href":"https:\/\/www.europesays.com\/fr\/wp-json\/wp\/v2\/posts\/314234\/revisions"}],"wp:featuredmedia":[{"embeddable":true,"href":"https:\/\/www.europesays.com\/fr\/wp-json\/wp\/v2\/media\/314235"}],"wp:attachment":[{"href":"https:\/\/www.europesays.com\/fr\/wp-json\/wp\/v2\/media?parent=314234"}],"wp:term":[{"taxonomy":"category","embeddable":true,"href":"https:\/\/www.europesays.com\/fr\/wp-json\/wp\/v2\/categories?post=314234"},{"taxonomy":"post_tag","embeddable":true,"href":"https:\/\/www.europesays.com\/fr\/wp-json\/wp\/v2\/tags?post=314234"}],"curies":[{"name":"wp","href":"https:\/\/api.w.org\/{rel}","templated":true}]}}