{"id":314240,"date":"2025-08-12T15:56:12","date_gmt":"2025-08-12T15:56:12","guid":{"rendered":"https:\/\/www.europesays.com\/fr\/314240\/"},"modified":"2025-08-12T15:56:12","modified_gmt":"2025-08-12T15:56:12","slug":"faustine-bollaert-46-ans-se-confie-sur-son-etat-de-sante-et-les-moments-de-vide-quelle-traverse","status":"publish","type":"post","link":"https:\/\/www.europesays.com\/fr\/314240\/","title":{"rendered":"Faustine Bollaert (46 ans) se confie sur son \u00e9tat de sant\u00e9 et les moments de vide qu&rsquo;elle traverse"},"content":{"rendered":"<p>Pr\u00e9sente quotidiennement aux c\u00f4t\u00e9s de t\u00e9moins anonymes et de personnalit\u00e9s dans \u00c7a commence aujourd&rsquo;hui, <a href=\"https:\/\/www.pleinevie.fr\/loisirs\/celebrites\/faustine-bollaert-trahie-et-decue-separee-de-maxime-chattam-lanimatrice-de-46-ans-se-confie-sur-ses-blessures-167153.html\" target=\"_blank\" rel=\"noopener\">Faustine Bollaert<\/a> partage sans d\u00e9tour ses \u00e9tats d&rsquo;\u00e2me. \u00c0 46 ans, l&rsquo;animatrice se confie sur les <strong>r\u00e9percussions \u00e9motionnelles<\/strong> de son travail, l&rsquo;importance de l&rsquo;amiti\u00e9 et la mani\u00e8re dont sa famille vit<strong> ses hauts et ses bas<\/strong>.<\/p>\n<p>  Faustine Bollaert : une forte empathie ressentie par son entourage   Ses enfants et son entourage sont inquiets  <\/p>\n<p>Faustine Bollaert raconte comment sa sensibilit\u00e9 se refl\u00e8te <a href=\"https:\/\/www.pleinevie.fr\/loisirs\/celebrites\/photos-humez-son-odeur-touchez-sa-peau-ecoutez-sa-voix-faustine-bollaert-46-ans-passe-du-bon-temps-en-compagnie-de-lhomme-de-sa-vie-168290.html\" target=\"_blank\" rel=\"noopener\">dans sa vie familiale<\/a>. \u00c0 propos de sa fille Abbie, elle confiait \u00e0 T\u00e9l\u00e9 7 Jours : \u00ab\u00a0Ma fille s&rsquo;inqui\u00e8te parfois pour moi. Elle est pr\u00e9occup\u00e9e par ma sant\u00e9 mentale, et quand je reviens d&rsquo;un enregistrement qu&rsquo;elle imagine avoir \u00e9t\u00e9 compliqu\u00e9e, elle me demande : &lsquo;Tu veux qu&rsquo;on en parle ? Est-ce que tu te sens bien ?&rsquo; Les chiens ne font pas des chats\u2026\u00a0\u00bb, raconte-t-elle, comme le rapporte <a href=\"https:\/\/www.voici.fr\/celebrites\/faustine-bollaert-cash-sur-ce-tournant-crucial-de-son-existence-et-ces-montagnes-russes-emotionnelles-qui-impactent-son-cercle-intime-809560\" target=\"_blank\" rel=\"noopener\">Voici<\/a>. Cette confidence illustre la proximit\u00e9 et l&rsquo;attention r\u00e9ciproque qui structurent son foyer.<\/p>\n<p>L&rsquo;animatrice reconna\u00eet que la r\u00e9p\u00e9tition d&rsquo;\u00e9missions aux contenus lourds peut peser. \u00ab\u00a0Quand je me sens un peu plomb\u00e9e par l&rsquo;accumulation de t\u00e9moignages sur des sujets parfois lourds de \u00c7a commence aujourd&rsquo;hui, pouf, c&rsquo;est l\u00e0 que l&rsquo;on me sollicite pour la pr\u00e9sentation de Prodiges. Je m&rsquo;y ressource, et c&rsquo;est reparti pour un tour !\u00a0\u00bb, explique-t-elle, d\u00e9crivant le m\u00e9canisme de r\u00e9cup\u00e9ration qui lui permet de tenir son rythme.<\/p>\n<p>  L&rsquo;amiti\u00e9 et la sororit\u00e9 comme piliers d&rsquo;\u00e9quilibre  <\/p>\n<p>Dans cet entretien, Faustine Bollaert insiste sur le r\u00f4le nourricier de l&rsquo;amiti\u00e9 \u00e0 mesure qu&rsquo;elle avance dans la vie : \u00ab\u00a0Plus j&rsquo;avance dans l&rsquo;\u00e2ge, plus je r\u00e9alise \u00e0 quel point <a href=\"https:\/\/www.pleinevie.fr\/loisirs\/celebrites\/faustine-bollaert-amoureuse-dun-autre-homme-on-se-fait-des-calins-et-tout-balance-ce-celebre-animateur-proche-delle-165423.html\" target=\"_blank\" rel=\"noopener\">l&rsquo;amiti\u00e9 me nourrit<\/a> et est un pilier fondamental de mon \u00e9quilibre&#8230; J&rsquo;observe \u00e9galement une vraie sororit\u00e9 se d\u00e9velopper pendant <strong>cette p\u00e9riode charni\u00e8re qu&rsquo;est le milieu de la vie<\/strong>\u00ab\u00a0. Elle \u00e9voque une sororit\u00e9 concr\u00e8te, faite d&rsquo;entraide et de soutien mutuel, qui l&rsquo;aide \u00e0 traverser les p\u00e9riodes de doute.<\/p>\n<p>Pour autant, Faustine Bollaert admet qu&rsquo;elle a un travail int\u00e9rieur \u00e0 mener : \u00ab\u00a0Je fais souvent subir \u00e0 mes proches des montagnes russes \u00e9motionnelles. J&rsquo;aimerais accueillir les orages et les laisser passer sans trop d&rsquo;inqui\u00e9tude\u00a0\u00bb. Ces mots traduisent une volont\u00e9 d&rsquo;apaisement et d&rsquo;apprentissage personnel qui s&rsquo;inscrit dans une trajectoire de transformation.<\/p>\n<p>  Une m\u00e9tamorphose int\u00e9rieure li\u00e9e \u00e0 un parcours professionnel riche  <\/p>\n<p>Si son quotidien d&rsquo;animatrice est exigeant, Faustine puise aussi de l&rsquo;\u00e9nergie dans des projets vari\u00e9s. Entre son \u00e9mission phare \u00c7a commence aujourd&rsquo;hui, sa cha\u00eene YouTube Safe Zone et des rendez-vous comme Prodiges, elle jongle avec des formats tr\u00e8s diff\u00e9rents qui lui permettent de se ressourcer et de renouveler son engagement m\u00e9diatique.<\/p>\n<p>Son positionnement, fait d&rsquo;\u00e9coute et de bienveillance, lui a permis de tisser <strong>une relation de confiance avec le public<\/strong> et les invit\u00e9s. Dans cette p\u00e9riode charni\u00e8re, l&rsquo;animatrice revendique une volont\u00e9 d&rsquo;alignement personnel pour mieux concilier pr\u00e9sence m\u00e9diatique et \u00e9quilibre priv\u00e9.<\/p>\n<p>   Encadr\u00e9 biographique \u2014 Faustine Bollaert   Jeunesse et d\u00e9buts  <\/p>\n<p>N\u00e9e le 20 mars 1979 \u00e0 Paris (n\u00e9e Faustine Brigitte Suzanne Faraggi), Faustine Bollaert se forme au journalisme et d\u00e9bute \u00e0 la t\u00e9l\u00e9vision au d\u00e9but des ann\u00e9es 2000. En 2002, elle appara\u00eet comme chroniqueuse sur France 3 dans C\u00f4t\u00e9 Vacances, puis rejoint Jean-Marc Morandini sur Europe 1 en 2003 pour la rubrique people.<\/p>\n<p>     Ascension t\u00e9l\u00e9visuelle  <\/p>\n<p>Entre 2005 et 2009, elle multiplie les apparitions et se fait remarquer notamment aux c\u00f4t\u00e9s de Michel Drucker. En 2010, elle pr\u00e9sente Le Meilleur P\u00e2tissier sur M6, \u00e9mission qui contribue \u00e0 asseoir sa popularit\u00e9 aupr\u00e8s du grand public.<\/p>\n<p>  Le tournant France 2  <\/p>\n<p>En 2017, Faustine Bollaert rejoint France 2 pour animer \u00c7a Commence aujourd&rsquo;hui, un talk-show centr\u00e9 sur des t\u00e9moignages et des parcours de vie. Sa fa\u00e7on d&rsquo;\u00e9couter et d&rsquo;accompagner les invit\u00e9s devient rapidement la marque de fabrique de l&rsquo;\u00e9mission.<\/p>\n<p>     Vie priv\u00e9e et engagements  <\/p>\n<p>Elle est la m\u00e8re d&rsquo;Abbie (n\u00e9e en 2013) et de Peter (n\u00e9 en 2015), issus de sa relation avec <a href=\"https:\/\/www.pleinevie.fr\/loisirs\/celebrites\/faustine-bollaert-separee-de-maxime-chattam-lanimatrice-a-ete-vue-dans-les-bras-dun-seduisant-homme-muscle-165969.html\" target=\"_blank\" rel=\"noopener\"><strong>l&rsquo;\u00e9crivain Maxime Chattam<\/strong><\/a>. Tr\u00e8s engag\u00e9e sur les sujets de sant\u00e9 mentale, la protection de l&rsquo;enfance et la lutte contre les violences, elle soutient r\u00e9guli\u00e8rement des associations et participe \u00e0 des campagnes de sensibilisation.<\/p>\n<p>  Faits marquants et anecdotes  <\/p>\n<ul>\n<li>Chroniqueuse puis animatrice, elle a travers\u00e9 plusieurs registres t\u00e9l\u00e9visuels (divertissement, concours, \u00e9missions de soci\u00e9t\u00e9).<\/li>\n<li>Elle a lanc\u00e9 la cha\u00eene YouTube Safe Zone pour prolonger les discussions sensibles hors antenne.<\/li>\n<li>Sa capacit\u00e9 d&rsquo;\u00e9coute est souvent cit\u00e9e par les invit\u00e9s comme exceptionnelle, ce qui a forg\u00e9 sa r\u00e9putation d&rsquo;animatrice empathique.<\/li>\n<\/ul>\n","protected":false},"excerpt":{"rendered":"Pr\u00e9sente quotidiennement aux c\u00f4t\u00e9s de t\u00e9moins anonymes et de personnalit\u00e9s dans \u00c7a commence aujourd&rsquo;hui, Faustine Bollaert partage sans&hellip;\n","protected":false},"author":2,"featured_media":314241,"comment_status":"","ping_status":"","sticky":false,"template":"","format":"standard","meta":{"footnotes":""},"categories":[1359],"tags":[10281,58,59,1011,27,973],"class_list":{"0":"post-314240","1":"post","2":"type-post","3":"status-publish","4":"format-standard","5":"has-post-thumbnail","7":"category-people","8":"tag-buzz-nonli","9":"tag-divertissement","10":"tag-entertainment","11":"tag-fr","12":"tag-france","13":"tag-people"},"share_on_mastodon":{"url":"https:\/\/pubeurope.com\/@fr\/115016616091089533","error":""},"_links":{"self":[{"href":"https:\/\/www.europesays.com\/fr\/wp-json\/wp\/v2\/posts\/314240","targetHints":{"allow":["GET"]}}],"collection":[{"href":"https:\/\/www.europesays.com\/fr\/wp-json\/wp\/v2\/posts"}],"about":[{"href":"https:\/\/www.europesays.com\/fr\/wp-json\/wp\/v2\/types\/post"}],"author":[{"embeddable":true,"href":"https:\/\/www.europesays.com\/fr\/wp-json\/wp\/v2\/users\/2"}],"replies":[{"embeddable":true,"href":"https:\/\/www.europesays.com\/fr\/wp-json\/wp\/v2\/comments?post=314240"}],"version-history":[{"count":0,"href":"https:\/\/www.europesays.com\/fr\/wp-json\/wp\/v2\/posts\/314240\/revisions"}],"wp:featuredmedia":[{"embeddable":true,"href":"https:\/\/www.europesays.com\/fr\/wp-json\/wp\/v2\/media\/314241"}],"wp:attachment":[{"href":"https:\/\/www.europesays.com\/fr\/wp-json\/wp\/v2\/media?parent=314240"}],"wp:term":[{"taxonomy":"category","embeddable":true,"href":"https:\/\/www.europesays.com\/fr\/wp-json\/wp\/v2\/categories?post=314240"},{"taxonomy":"post_tag","embeddable":true,"href":"https:\/\/www.europesays.com\/fr\/wp-json\/wp\/v2\/tags?post=314240"}],"curies":[{"name":"wp","href":"https:\/\/api.w.org\/{rel}","templated":true}]}}