{"id":314242,"date":"2025-08-12T15:57:24","date_gmt":"2025-08-12T15:57:24","guid":{"rendered":"https:\/\/www.europesays.com\/fr\/314242\/"},"modified":"2025-08-12T15:57:24","modified_gmt":"2025-08-12T15:57:24","slug":"chasseneuil-sur-bonnieure-une-mere-et-sa-fille-exposent-leurs-tableaux-a-la-maison-des-associations","status":"publish","type":"post","link":"https:\/\/www.europesays.com\/fr\/314242\/","title":{"rendered":"Chasseneuil-sur-Bonnieure\u00a0: une m\u00e8re et sa fille exposent leurs tableaux \u00e0 la Maison des associations"},"content":{"rendered":"<p>Ludivine Herb\u00e9, qui affectionne le pastel \u00ab\u00a0pour son fondu de couleurs\u00a0\u00bb, propose ainsi aux visiteurs une large gamme de tableaux qui invite au voyage \u00e0 l\u2019instar du portrait de la \u00ab\u00a0Femme libanaise\u00a0\u00bb, mais aussi en Polyn\u00e9sie ou encore au Tibet.<\/p>\n<p>Son exposition est doubl\u00e9e avec les \u0153uvres d\u2019Annick, sa maman, qui pour sa part a choisi l\u2019acrylique et l\u2019huile. D\u2019un village montagnard en passant par un paysage de Bolivie ou une maison charentaise, cette exposition offre l\u2019\u00e9tendue des th\u00e8mes de l\u2019artiste, comme \u00ab\u00a0La fantastique\u00a0\u00bb, un portrait au regard qui interpelle.<\/p>\n<p>Entr\u00e9e gratuite. Jusqu\u2019au 1er\u00a0septembre, du mardi au vendredi de 10h \u00e0 12h et de 14h \u00e0 17h30 et le samedi de 9h45 \u00e0 12h.<\/p>\n","protected":false},"excerpt":{"rendered":"Ludivine Herb\u00e9, qui affectionne le pastel \u00ab\u00a0pour son fondu de couleurs\u00a0\u00bb, propose ainsi aux visiteurs une large gamme&hellip;\n","protected":false},"author":2,"featured_media":314243,"comment_status":"","ping_status":"","sticky":false,"template":"","format":"standard","meta":{"footnotes":""},"categories":[1358],"tags":[1348,1384,1385,1386,58,59,1011,27],"class_list":{"0":"post-314242","1":"post","2":"type-post","3":"status-publish","4":"format-standard","5":"has-post-thumbnail","7":"category-arts-et-design","8":"tag-arts","9":"tag-arts-and-design","10":"tag-arts-et-design","11":"tag-design","12":"tag-divertissement","13":"tag-entertainment","14":"tag-fr","15":"tag-france"},"share_on_mastodon":{"url":"https:\/\/pubeurope.com\/@fr\/115016619997519415","error":""},"_links":{"self":[{"href":"https:\/\/www.europesays.com\/fr\/wp-json\/wp\/v2\/posts\/314242","targetHints":{"allow":["GET"]}}],"collection":[{"href":"https:\/\/www.europesays.com\/fr\/wp-json\/wp\/v2\/posts"}],"about":[{"href":"https:\/\/www.europesays.com\/fr\/wp-json\/wp\/v2\/types\/post"}],"author":[{"embeddable":true,"href":"https:\/\/www.europesays.com\/fr\/wp-json\/wp\/v2\/users\/2"}],"replies":[{"embeddable":true,"href":"https:\/\/www.europesays.com\/fr\/wp-json\/wp\/v2\/comments?post=314242"}],"version-history":[{"count":0,"href":"https:\/\/www.europesays.com\/fr\/wp-json\/wp\/v2\/posts\/314242\/revisions"}],"wp:featuredmedia":[{"embeddable":true,"href":"https:\/\/www.europesays.com\/fr\/wp-json\/wp\/v2\/media\/314243"}],"wp:attachment":[{"href":"https:\/\/www.europesays.com\/fr\/wp-json\/wp\/v2\/media?parent=314242"}],"wp:term":[{"taxonomy":"category","embeddable":true,"href":"https:\/\/www.europesays.com\/fr\/wp-json\/wp\/v2\/categories?post=314242"},{"taxonomy":"post_tag","embeddable":true,"href":"https:\/\/www.europesays.com\/fr\/wp-json\/wp\/v2\/tags?post=314242"}],"curies":[{"name":"wp","href":"https:\/\/api.w.org\/{rel}","templated":true}]}}