{"id":314244,"date":"2025-08-12T15:58:12","date_gmt":"2025-08-12T15:58:12","guid":{"rendered":"https:\/\/www.europesays.com\/fr\/314244\/"},"modified":"2025-08-12T15:58:12","modified_gmt":"2025-08-12T15:58:12","slug":"dans-lindre-eliane-aubert-colombani-publie-son-39e-livre-a-lage-de-91-ans","status":"publish","type":"post","link":"https:\/\/www.europesays.com\/fr\/314244\/","title":{"rendered":"dans l\u2019Indre, \u00c9liane Aubert-Colombani publie son 39e livre \u00e0 l\u2019\u00e2ge de 91 ans"},"content":{"rendered":"<p>Autrice originaire de Corse mais r\u00e9sidant \u00e0 La Ch\u00e2tre, \u00c9liane Aubert-Colombani a la plume toujours vive et prolifique, m\u00eame \u00e0 91\u00a0ans. Un an apr\u00e8s avoir publi\u00e9 <a title=\"Lien vers article de la NR\" target=\"_self\" href=\"https:\/\/www.lanouvellerepublique.fr\/la-chatre\/eliane-aubert-colombani-ne-desarme-pas\" rel=\"noopener\">Le commandant<\/a> aux \u00e9ditions Les Impliqu\u00e9s, elle vient de faire para\u00eetre un 39e\u00a0livre, intitul\u00e9 Souvenirs de Jean-Jacques, aux \u00e9ditions A Fior Di Carta. C\u2019est entre Paris et l\u2019ombre feutr\u00e9e d\u2019un petit manoir familial, entre souvenirs de guerre et amours contrari\u00e9es, que se d\u00e9ploie ce r\u00e9cit poignant. C\u2019est en quelque sorte un voyage \u00e0 travers les d\u00e9cennies, port\u00e9 par les liens puissants entre deux cousins.<\/p>\n<p>\u00c0 l\u2019\u00e9poque troubl\u00e9e de l\u2019apr\u00e8s-guerre<\/p>\n<p>L\u2019histoire d\u00e9bute \u00e0 Paris, dans les 5e et 6\u1d49 arrondissements o\u00f9 a v\u00e9cu l\u2019autrice, \u00e0 l\u2019\u00e9poque troubl\u00e9e de l\u2019apr\u00e8s-guerre. Deux enfants, un gar\u00e7on de 8\u00a0ans et une fille de 6\u00a0ans, li\u00e9s par la disparition tragique d\u2019un p\u00e8re \u00e0 la guerre, grandissent comme fr\u00e8re et s\u0153ur. Une affection fusionnelle na\u00eet, malgr\u00e9 les premi\u00e8res blessures de la diff\u00e9rence\u00a0: le gar\u00e7on, \u00e0 la sensibilit\u00e9 marqu\u00e9e, se distingue par un comportement per\u00e7u comme eff\u00e9min\u00e9. Harcel\u00e9 \u00e0 l\u2019\u00e9cole, il trouve refuge dans la protection de sa cousine, qui n\u2019h\u00e9site pas \u00e0 solliciter l\u2019aide d\u2019un garde r\u00e9publicain pour d\u00e9fendre son compagnon de jeu.<\/p>\n<p>Un portrait de g\u00e9n\u00e9ration<\/p>\n<p>Les ann\u00e9es passent, les deux enfants deviennent des adolescents brillants. Lui s\u2019illustre dans les sciences, elle dans les lettres avec une complicit\u00e9 toujours intacte. Devenus adultes, ils affrontent des choix de vie o\u00f9 s\u2019infiltrent les non-dits familiaux. Le gar\u00e7on trouve enfin un amour sinc\u00e8re, soutenu par sa cousine. Elle, pourtant belle et dipl\u00f4m\u00e9e, s\u2019engage dans une relation toxique avec un avocat autoritaire. C\u2019est dans le manoir familial que le drame s\u2019intensifie. Lors d\u2019une recherche d\u2019archives dans un grenier, une tension palpable culmine en un accident lourd de symboles.<\/p>\n<p>Ce roman raconte bien plus qu\u2019une histoire d\u2019amour, c\u2019est un portrait de g\u00e9n\u00e9ration, une r\u00e9flexion sur les stigmates familiaux et une exploration sensible de l\u2019identit\u00e9, dans un monde o\u00f9 le silence est souvent plus lourd que les mots.<\/p>\n<p>S\u00e9ance de d\u00e9dicaces \u00e0 la librairie La R\u00eaverie de La Ch\u00e2tre, samedi 23\u00a0ao\u00fbt 2025, de 10\u00a0h \u00e0 12\u00a0h.<\/p>\n","protected":false},"excerpt":{"rendered":"Autrice originaire de Corse mais r\u00e9sidant \u00e0 La Ch\u00e2tre, \u00c9liane Aubert-Colombani a la plume toujours vive et prolifique,&hellip;\n","protected":false},"author":2,"featured_media":314245,"comment_status":"","ping_status":"","sticky":false,"template":"","format":"standard","meta":{"footnotes":""},"categories":[1357],"tags":[1392,1379,1674,58,59,1011,27,5052,45370,1380],"class_list":{"0":"post-314244","1":"post","2":"type-post","3":"status-publish","4":"format-standard","5":"has-post-thumbnail","7":"category-livres","8":"tag-a-la-une-local","9":"tag-books","10":"tag-communes","11":"tag-divertissement","12":"tag-entertainment","13":"tag-fr","14":"tag-france","15":"tag-indre","16":"tag-la-chatre","17":"tag-livres"},"share_on_mastodon":{"url":"https:\/\/pubeurope.com\/@fr\/115016623928181575","error":""},"_links":{"self":[{"href":"https:\/\/www.europesays.com\/fr\/wp-json\/wp\/v2\/posts\/314244","targetHints":{"allow":["GET"]}}],"collection":[{"href":"https:\/\/www.europesays.com\/fr\/wp-json\/wp\/v2\/posts"}],"about":[{"href":"https:\/\/www.europesays.com\/fr\/wp-json\/wp\/v2\/types\/post"}],"author":[{"embeddable":true,"href":"https:\/\/www.europesays.com\/fr\/wp-json\/wp\/v2\/users\/2"}],"replies":[{"embeddable":true,"href":"https:\/\/www.europesays.com\/fr\/wp-json\/wp\/v2\/comments?post=314244"}],"version-history":[{"count":0,"href":"https:\/\/www.europesays.com\/fr\/wp-json\/wp\/v2\/posts\/314244\/revisions"}],"wp:featuredmedia":[{"embeddable":true,"href":"https:\/\/www.europesays.com\/fr\/wp-json\/wp\/v2\/media\/314245"}],"wp:attachment":[{"href":"https:\/\/www.europesays.com\/fr\/wp-json\/wp\/v2\/media?parent=314244"}],"wp:term":[{"taxonomy":"category","embeddable":true,"href":"https:\/\/www.europesays.com\/fr\/wp-json\/wp\/v2\/categories?post=314244"},{"taxonomy":"post_tag","embeddable":true,"href":"https:\/\/www.europesays.com\/fr\/wp-json\/wp\/v2\/tags?post=314244"}],"curies":[{"name":"wp","href":"https:\/\/api.w.org\/{rel}","templated":true}]}}