{"id":314246,"date":"2025-08-12T15:59:20","date_gmt":"2025-08-12T15:59:20","guid":{"rendered":"https:\/\/www.europesays.com\/fr\/314246\/"},"modified":"2025-08-12T15:59:20","modified_gmt":"2025-08-12T15:59:20","slug":"il-a-choisi-lui-meme-de-mettre-fin-a-son-aventure","status":"publish","type":"post","link":"https:\/\/www.europesays.com\/fr\/314246\/","title":{"rendered":"Il a choisi lui-m\u00eame de mettre fin \u00e0 son aventure"},"content":{"rendered":"<p>INTERVIEW. Ce mardi 12 ao\u00fbt 2025, un \u00e9v\u00e9nement s&rsquo;est produit dans Tout le monde veut prendre sa place : apr\u00e8s 173 victoires, Jo\u00ebl s&rsquo;est fait \u00e9liminer du jeu. Aupr\u00e8s de T\u00e9l\u00e9-Loisirs, Cyril F\u00e9raud a r\u00e9agi au d\u00e9part du deuxi\u00e8me plus grand champion de l&rsquo;\u00e9mission de France 2.<\/p>\n<p>Il n\u2019a pas surmont\u00e9 sa sixi\u00e8me d\u00e9faite. Apr\u00e8s avoir<a href=\"https:\/\/www.programme-tv.net\/news\/tv\/383898-exclu-joel-tout-le-monde-veut-prendre-sa-place-reagit-a-sa-cinquieme-defaite-la-ou-je-m-en-suis-peut-etre-voulu\/\" data-api-deeplink=\"teleloisirs:\/\/news\/383898\" target=\"_blank\" rel=\"noopener\"> \u00e0 nouveau \u00e9chou\u00e9<\/a> ce mardi 12 ao\u00fbt 2025, Jo\u00ebl<b> <\/b>a choisi de ne proposer que 100 euros lors de la n\u00e9gociation <a href=\"https:\/\/www.programme-tv.net\/news\/tv\/384666-aurelie-estomaquee-d-avoir-elimine-joel-dans-tout-le-monde-veut-prendre-sa-place-j-ai-envie-de-pleurer\/\" data-api-deeplink=\"teleloisirs:\/\/news\/384666\" target=\"_blank\" rel=\"noopener\">avec sa challenger Aur\u00e9lie<\/a>. La secr\u00e9taire venue du Finist\u00e8re a pr\u00e9f\u00e9r\u00e9 en toute logique s\u2019asseoir dans le fauteuil rouge. Une d\u00e9cision qui signait la fin du parcours <a href=\"https:\/\/www.programme-tv.net\/news\/tv\/382037-ca-y-est-joel-tout-le-monde-veut-prendre-sa-place-n-a-plus-qu-un-champion-a-depasser-pour-etre-le-recordman-de-cyril-feraud\/\" data-api-deeplink=\"teleloisirs:\/\/news\/382037\" target=\"_blank\" rel=\"noopener\">du deuxi\u00e8me plus grand champion de Tout le monde veut prendre sa place <\/a>sur France 2. En plus de six mois d\u2019aventure, le conducteur de trains \u00e0 la retraite venu des Landes et Cyril F\u00e9raud ont nou\u00e9 une belle complicit\u00e9, ce qui explique<a href=\"https:\/\/www.programme-tv.net\/news\/tv\/384680-j-en-ai-des-frissons-cyril-feraud-tres-emu-apres-l-elimination-surprise-de-joel-dans-tout-le-monde-veut-prendre-sa-place\/\" data-api-deeplink=\"teleloisirs:\/\/news\/384680\" target=\"_blank\" rel=\"noopener\"> leur \u00e9motion au moment des au revoir<\/a>. Aupr\u00e8s de T\u00e9l\u00e9-Loisirs, l\u2019animateur du jeu du midi a accept\u00e9 de r\u00e9agir.<\/p>\n<p>Cyril F\u00e9raud s&rsquo;exprime sur le parcours de Jo\u00ebl, \u00e9limin\u00e9 de Tout le monde veut prendre sa place : \u00ab\u00a0Il est entr\u00e9 dans l\u2019histoire du jeu\u00a0\u00bb<\/p>\n<p><b>T\u00e9l\u00e9-Loisirs<\/b><b> : Est-ce que vous vous attendiez \u00e0 l&rsquo;\u00e9limination de Jo\u00ebl ?<\/b><br \/><b>Cyril F\u00e9raud :<\/b> Nous savions tous \u00e9videmment que \u00e7a arriverait un jour mais la vraie surprise a \u00e9t\u00e9 la proposition faite par Jo\u00ebl lors de la n\u00e9gociation. En proposant seulement 100 euros,<b> il a choisi lui-m\u00eame de mettre fin \u00e0 son aventure. <\/b>Il savait qu\u2019en proposant si peu, son adversaire prendrait le fauteuil.<\/p>\n<p><b>Que lui avez-vous dit apr\u00e8s son \u00e9limination ? <\/b><br \/><b>Je l\u2019ai \u00e9videmment remerci\u00e9 pour ces presque 200 \u00e9missions ensemble <\/b>pour la bonne humeur, le sourire qu\u2019il a apport\u00e9 \u00e0 chaque \u00e9pisode, malgr\u00e9 la fatigue parfois et le manque de ses proches. Je pense qu\u2019il a pris un plaisir \u00e9norme \u00e0 rester aussi longtemps dans le fauteuil et que \u00e7a se voyait.<\/p>\n<p><b>Quel regard portez-vous sur son parcours ? Qu&rsquo;est-ce qui a fait qu&rsquo;il est all\u00e9 aussi loin selon vous ?<br \/><\/b>L\u2019\u00e9tendue de ses connaissances est bluffante. Il \u00e9tait \u00e9patant aussi bien en sport, en histoire, en g\u00e9ographie, en gastronomie&#8230; C\u2019est un vrai grand champion, curieux de tout et qui travaille les domaines qu\u2019il ma\u00eetrise moins. <b>Jo\u00ebl est entr\u00e9 dans l\u2019histoire du jeu<\/b> en devenant le deuxi\u00e8me plus grand champion de l\u2019\u00e9mission, et pour un jeu qui a 19 ans d\u2019existence, c\u2019est extraordinaire !<\/p>\n<p>            Cyril F\u00e9raud dresse le bilan de sa premi\u00e8re saison aux commandes de Tout le monde veut prendre sa place : \u00ab\u00a0Je suis heureux que les t\u00e9l\u00e9spectateurs du midi m\u2019aient adopt\u00e9 !\u00a0\u00bb<\/p>\n<p><b>Quel bilan faites-vous de cette saison \u00e0 la t\u00eate de <\/b><b>Tout le monde veut prendre sa place <\/b><b>?<\/b><br \/>Tr\u00e8s tr\u00e8s positif ! Les audiences montrent que<a href=\"https:\/\/www.programme-tv.net\/news\/tv\/357203-nouveau-decor-changement-de-mecanique-cyril-feraud-devoile-les-premieres-nouveautes-de-tout-le-monde-veut-prendre-sa-place-a-la-rentree\/\" data-api-deeplink=\"teleloisirs:\/\/news\/357203\" target=\"_blank\" rel=\"noopener\"> la nouvelle formule du jeu <\/a>a plu aux t\u00e9l\u00e9spectateurs. Nous avons enregistr\u00e9 des records qui remontaient \u00e0 plus de 9 ans. <b>Je suis heureux que les t\u00e9l\u00e9spectateurs du midi m\u2019aient adopt\u00e9.<\/b><\/p>\n<p><b>Prenez-vous toujours autant de plaisir \u00e0 animer ce jeu ?<\/b><br \/>Bien s\u00fbr ! C\u2019est un tel rendez-vous de bonne humeur et de sourire, que je m\u2019amuse au-del\u00e0 de ce que j\u2019aurais pu imaginer.<\/p>\n","protected":false},"excerpt":{"rendered":"INTERVIEW. Ce mardi 12 ao\u00fbt 2025, un \u00e9v\u00e9nement s&rsquo;est produit dans Tout le monde veut prendre sa place&hellip;\n","protected":false},"author":2,"featured_media":314247,"comment_status":"","ping_status":"","sticky":false,"template":"","format":"standard","meta":{"footnotes":""},"categories":[1356],"tags":[244,12119,58,59,1011,27,594,2173,14497,252,12120,1364],"class_list":{"0":"post-314246","1":"post","2":"type-post","3":"status-publish","4":"format-standard","5":"has-post-thumbnail","7":"category-television","8":"tag-commentaire","9":"tag-cyril-fu00e9raud","10":"tag-divertissement","11":"tag-entertainment","12":"tag-fr","13":"tag-france","14":"tag-france-2","15":"tag-interview","16":"tag-jou00ebl-tout-le-monde-veut-prendre-sa-place","17":"tag-television","18":"tag-tout-le-monde-veut-prendre-sa-place","19":"tag-tv"},"share_on_mastodon":{"url":"https:\/\/pubeurope.com\/@fr\/115016627943157216","error":""},"_links":{"self":[{"href":"https:\/\/www.europesays.com\/fr\/wp-json\/wp\/v2\/posts\/314246","targetHints":{"allow":["GET"]}}],"collection":[{"href":"https:\/\/www.europesays.com\/fr\/wp-json\/wp\/v2\/posts"}],"about":[{"href":"https:\/\/www.europesays.com\/fr\/wp-json\/wp\/v2\/types\/post"}],"author":[{"embeddable":true,"href":"https:\/\/www.europesays.com\/fr\/wp-json\/wp\/v2\/users\/2"}],"replies":[{"embeddable":true,"href":"https:\/\/www.europesays.com\/fr\/wp-json\/wp\/v2\/comments?post=314246"}],"version-history":[{"count":0,"href":"https:\/\/www.europesays.com\/fr\/wp-json\/wp\/v2\/posts\/314246\/revisions"}],"wp:featuredmedia":[{"embeddable":true,"href":"https:\/\/www.europesays.com\/fr\/wp-json\/wp\/v2\/media\/314247"}],"wp:attachment":[{"href":"https:\/\/www.europesays.com\/fr\/wp-json\/wp\/v2\/media?parent=314246"}],"wp:term":[{"taxonomy":"category","embeddable":true,"href":"https:\/\/www.europesays.com\/fr\/wp-json\/wp\/v2\/categories?post=314246"},{"taxonomy":"post_tag","embeddable":true,"href":"https:\/\/www.europesays.com\/fr\/wp-json\/wp\/v2\/tags?post=314246"}],"curies":[{"name":"wp","href":"https:\/\/api.w.org\/{rel}","templated":true}]}}