{"id":314248,"date":"2025-08-12T16:00:11","date_gmt":"2025-08-12T16:00:11","guid":{"rendered":"https:\/\/www.europesays.com\/fr\/314248\/"},"modified":"2025-08-12T16:00:11","modified_gmt":"2025-08-12T16:00:11","slug":"laurent-voulzy-sa-nouvelle-compagne-isaure-fait-encore-parler-delle","status":"publish","type":"post","link":"https:\/\/www.europesays.com\/fr\/314248\/","title":{"rendered":"Laurent Voulzy : sa nouvelle compagne Isaure fait encore parler d\u2019elle"},"content":{"rendered":"<p data-start=\"79\" data-end=\"623\">Sous le ciel \u00e9toil\u00e9 de <a href=\"https:\/\/www.closermag.fr\/people\/johnny-hallyday-a-quoi-ressemble-sa-sublime-villa-lorada-a-ramatuelle-3536818\" rel=\"nofollow noopener\" target=\"_blank\"><br \/>\nRamatuelle<\/a>, l\u2019amour s\u2019est fait entendre ce samedi 9 ao\u00fbt lors<br \/>\nd\u2019un concert exceptionnel au th\u00e9\u00e2tre Verdure. Laurent Voulzy,<br \/>\naccompagn\u00e9 de sa compagne Isaure Le Faou, a offert une prestation<br \/>\n<strong>pleine de douceur, leurs regards complices<\/strong><br \/>\ncaptivant un public visiblement conquis. Invit\u00e9s pour c\u00e9l\u00e9brer les<br \/>\nquarante ans du festival local, ils ont interpr\u00e9t\u00e9 ensemble deux<br \/>\nchansons.<\/p>\n<p>L\u2019une est une cr\u00e9ation r\u00e9cente, sign\u00e9e par la talentueuse<br \/>\nBretonne de 44 ans. L\u2019autre est un classique tir\u00e9 du vaste<br \/>\nr\u00e9pertoire du <a href=\"https:\/\/www.closermag.fr\/people\/laurent-voulzy-j-etais-tetanise-par-les-filles-773085#item=1\" rel=\"nofollow noopener\" target=\"_blank\"><br \/>\nchanteur<\/a> de 76 ans. Cette soir\u00e9e a r\u00e9v\u00e9l\u00e9 la belle harmonie<br \/>\nartistique et personnelle du couple. Ils partagent une complicit\u00e9 \u00e0<br \/>\nla fois discr\u00e8te et profonde. Leur pr\u00e9sence sur sc\u00e8ne a renforc\u00e9<br \/>\n<strong>l\u2019atmosph\u00e8re intime et magique de l\u2019\u00e9v\u00e9nement<\/strong>. Ce<br \/>\nmoment unique a profond\u00e9ment marqu\u00e9 les spectateurs pr\u00e9sents.<\/p>\n<blockquote class=\"instagram-media\" style=\"background: #ffffff;border: 0;margin: 1px;width: 100%;padding: 0;max-width: 500px;\" data-instgrm-permalink=\"https:\/\/www.instagram.com\/p\/DNLAeHksw31\/\" data-instgrm-version=\"14\"\/><p>\nLaurent Voulzy se confie sur sa compagne<\/p>\n<p data-start=\"111\" data-end=\"625\">Comme l\u2019avait confi\u00e9 <a href=\"https:\/\/www.closermag.fr\/people\/veronique-jannot-retour-sur-son-histoire-d-amour-avec-laurent-voulzy-1251631#item=1\" rel=\"nofollow noopener\" target=\"_blank\"><br \/>\nLaurent Voulzy<\/a> \u00e0 Nice-Matin, sa compagne Isaure Le Faou a pris<br \/>\npart \u00e0 la soir\u00e9e en interpr\u00e9tant deux morceaux. \u00ab\u00a0<strong>Elle va interpr\u00e9ter un titre dont<br \/>\nelle a \u00e9crit les paroles<\/strong> et Michel Amsellem la<br \/>\nmusique\u00a0\u00bb, avait pr\u00e9cis\u00e9 le chanteur. Isaure a \u00e9galement<br \/>\npartag\u00e9 un duo avec Laurent, reprenant un morceau de son r\u00e9pertoire<br \/>\npersonnel. Entre m\u00e9lodies d\u00e9licates et envol\u00e9es lumineuses, Laurent<br \/>\nVoulzy a offert au public plusieurs de ses incontournables.<\/p>\n<p data-start=\"111\" data-end=\"625\">Sur Instagram, le Festival de<br \/>\nRamatuelle a salu\u00e9 la performance en ces termes : \u00ab\u00a0Une voix, des m\u00e9lodies, et toute une salle<br \/>\ntransport\u00e9e. Laurent Voulzy, tout simplement magique.\u00a0\u00bb<br \/>\n<strong>En couple depuis plus d\u2019un an<\/strong>, le duo s\u2019est montr\u00e9<br \/>\ndiscret mais soud\u00e9. Cet \u00e9t\u00e9, ils profitent d\u2019un s\u00e9jour studieux \u00e0<br \/>\nBeaulieu. Isaure a finalement convaincu Laurent Voulzy, longtemps<br \/>\nr\u00e9ticent \u00e0 l\u2019id\u00e9e d\u2019\u00e9crire son autobiographie. \u00ab\u00a0Cette fois, Isaure a su trouver les<br \/>\nmots\u00a0\u00bb, rapportait encore Nice-Matin.<\/p>\n<p>Isaure provoque des r\u00e9actions sur les r\u00e9seaux sociaux<\/p>\n<p>Bien que leur complicit\u00e9 soit \u00e9vidente, Laurent Voulzy et<br \/>\n<a href=\"https:\/\/www.closermag.fr\/people\/obseques-de-thierry-ardisson-robe-bustier-fendue-et-moulante-la-nouvelle-compagne-de-laurent-voulzy-fait-beaucoup-parler-3565040\" rel=\"nofollow noopener\" target=\"_blank\"><br \/>\nIsaure Le Faou<\/a> font face \u00e0 de nombreuses critiques sur les<br \/>\nr\u00e9seaux sociaux. Ces commentaires n\u00e9gatifs ne cessent de cibler<br \/>\nleur couple. Leur diff\u00e9rence d\u2019\u00e2ge, qui ne passe pas inaper\u00e7ue,<br \/>\nsuscite de vives r\u00e9actions. Leur diff\u00e9rence de taille attire aussi<br \/>\nbeaucoup d\u2019attention. Ces remarques sont souvent teint\u00e9es de<br \/>\nsexisme et de moqueries : \u00ab\u00a0<strong>C\u2019est sa fille<\/strong>\u00ab\u00a0, \u00ab\u00a0Pour info, c\u2019est son auxiliaire de vie\u00a0\u00bb,<br \/>\n\u00ab\u00a030 ans d\u2019\u00e9cart j\u2019avais d\u00e9j\u00e0<br \/>\nvu, mais un m\u00e8tre ?\u00a0\u00bb, ou encore \u00ab\u00a0la belle et la b\u00eate\u00a0\u00bb.<\/p>\n<p data-start=\"748\" data-end=\"1137\">D\u2019autres n\u2019ont pas h\u00e9sit\u00e9 \u00e0<br \/>\nquestionner la sinc\u00e9rit\u00e9 des sentiments d\u2019Isaure, insinuant qu\u2019elle<br \/>\nserait attir\u00e9e par la notori\u00e9t\u00e9 ou la fortune du chanteur :<br \/>\n\u00ab\u00a0<strong>L\u2019argent fait des<br \/>\nmiracles<\/strong>\u00ab\u00a0, \u00ab\u00a0L\u2019argent ach\u00e8te tout, n\u2019est-ce pas mesdames\u00a0\u00bb.<br \/>\nHeureusement, cette avalanche de critiques est contrebalanc\u00e9e par<br \/>\nde nombreux messages de soutien et d\u2019admiration.<\/p>\n<p><script async src=\"\/\/www.instagram.com\/embed.js\"><\/script><\/p>\n","protected":false},"excerpt":{"rendered":"Sous le ciel \u00e9toil\u00e9 de Ramatuelle, l\u2019amour s\u2019est fait entendre ce samedi 9 ao\u00fbt lors d\u2019un concert exceptionnel&hellip;\n","protected":false},"author":2,"featured_media":314249,"comment_status":"","ping_status":"","sticky":false,"template":"","format":"standard","meta":{"footnotes":""},"categories":[1355],"tags":[548,58,59,1011,27,1361,873],"class_list":{"0":"post-314248","1":"post","2":"type-post","3":"status-publish","4":"format-standard","5":"has-post-thumbnail","7":"category-musique","8":"tag-article-simple","9":"tag-divertissement","10":"tag-entertainment","11":"tag-fr","12":"tag-france","13":"tag-music","14":"tag-musique"},"share_on_mastodon":{"url":"https:\/\/pubeurope.com\/@fr\/115016631804134003","error":""},"_links":{"self":[{"href":"https:\/\/www.europesays.com\/fr\/wp-json\/wp\/v2\/posts\/314248","targetHints":{"allow":["GET"]}}],"collection":[{"href":"https:\/\/www.europesays.com\/fr\/wp-json\/wp\/v2\/posts"}],"about":[{"href":"https:\/\/www.europesays.com\/fr\/wp-json\/wp\/v2\/types\/post"}],"author":[{"embeddable":true,"href":"https:\/\/www.europesays.com\/fr\/wp-json\/wp\/v2\/users\/2"}],"replies":[{"embeddable":true,"href":"https:\/\/www.europesays.com\/fr\/wp-json\/wp\/v2\/comments?post=314248"}],"version-history":[{"count":0,"href":"https:\/\/www.europesays.com\/fr\/wp-json\/wp\/v2\/posts\/314248\/revisions"}],"wp:featuredmedia":[{"embeddable":true,"href":"https:\/\/www.europesays.com\/fr\/wp-json\/wp\/v2\/media\/314249"}],"wp:attachment":[{"href":"https:\/\/www.europesays.com\/fr\/wp-json\/wp\/v2\/media?parent=314248"}],"wp:term":[{"taxonomy":"category","embeddable":true,"href":"https:\/\/www.europesays.com\/fr\/wp-json\/wp\/v2\/categories?post=314248"},{"taxonomy":"post_tag","embeddable":true,"href":"https:\/\/www.europesays.com\/fr\/wp-json\/wp\/v2\/tags?post=314248"}],"curies":[{"name":"wp","href":"https:\/\/api.w.org\/{rel}","templated":true}]}}