{"id":314250,"date":"2025-08-12T16:01:12","date_gmt":"2025-08-12T16:01:12","guid":{"rendered":"https:\/\/www.europesays.com\/fr\/314250\/"},"modified":"2025-08-12T16:01:12","modified_gmt":"2025-08-12T16:01:12","slug":"jean-dujardin-redevient-brice-de-nice","status":"publish","type":"post","link":"https:\/\/www.europesays.com\/fr\/314250\/","title":{"rendered":"Jean Dujardin redevient Brice de Nice"},"content":{"rendered":"<p>      R\u00e9sum\u00e9<\/p>\n<p>Jean Dujardin a raviv\u00e9 la nostalgie en reprenant son r\u00f4le culte de Brice de Nice pour les 20 ans du film, suscitant enthousiasme et \u00e9motions sur les r\u00e9seaux sociaux.<\/p>\n<p>        Sommaire<\/p>\n<p>Lorsque Jean Dujardin partage une photo sur Instagram, l\u2019\u00e9v\u00e9nement est rarement anodin. Mais cette fois, le com\u00e9dien a d\u00e9clench\u00e9 une v\u00e9ritable vague de nostalgie et de joie en rev\u00eatant \u00e0 nouveau le costume de <strong><a href=\"https:\/\/www.public.fr\/brice-de-nice-decouvrez-tous-les-secrets-de-ce-tournage-a-la-plage\" target=\"_blank\" rel=\"noopener\">Brice de Nice<\/a><\/strong>, son personnage culte des ann\u00e9es 2000.<\/p>\n<p>Pour c\u00e9l\u00e9brer les <strong>20 ans du film<\/strong>, il a surpris ses fans avec une image qui m\u00eale \u00e9motion et autod\u00e9rision, d\u00e9clenchant une avalanche de r\u00e9actions \u00e9merveill\u00e9es et amus\u00e9es. Le surf de Brice est devenu un mythe populaire \u2014 et ce retour, aussi inattendu que gonfl\u00e9, en est une c\u00e9l\u00e9bration comme on les aime.<\/p>\n<p>Un film qui c\u00e9l\u00e8bre ses 20 ans <\/p>\n<p>Sorti en avril 2005, le film \u00ab\u00a0Brice de Nice\u00a0\u00bb c\u00e9l\u00e8bre cette ann\u00e9e son vingti\u00e8me anniversaire. Pour c\u00e9l\u00e9brer cet \u00e9v\u00e8nement comme il se doit, certains cin\u00e9mas fran\u00e7ais ont projet\u00e9 le film sur grand \u00e9cran, afin de permettre aux fans de le revoir en salle obscure. <\/p>\n<p>Le 6 avril dernier, c&rsquo;est au Grand Rex que <a href=\"https:\/\/www.public.fr\/jean-dujardin-son-ex-nathalie-pechalat-en-roue-libre\" target=\"_blank\" rel=\"noopener\">Jean Dujardin<\/a> en personne \u00e9tait pr\u00e9sent pour assister \u00e0 la projection c\u00e9l\u00e9brant le 20e anniversaire du film. Tout sourire, l&rsquo;acteur \u00e9tait entour\u00e9 de l&rsquo;\u00e9quipe du film qui s&rsquo;est r\u00e9uni dans la joie et la bonne humeur.<\/p>\n<p>Une photo qui fait le buzz <\/p>\n<p>Ce mardi 12 ao\u00fbt 2025, Jean Dujardin cr\u00e9\u00e9 \u00e0 nouveau l&rsquo;hyst\u00e9rie. Sur Instagram, le p\u00e8re de famille a publi\u00e9 une photo de lui sur une plage du sud de la France, planche de surf griff\u00e9e Brice de Nice, sous le bras. L&rsquo;acteur s&rsquo;est gliss\u00e9 dans la peau de son ancien personnage le temps d&rsquo;un clich\u00e9, invitant ses abonn\u00e9s \u00e0 un temps suspendu o\u00f9 l\u2019humour absurde rencontrait un certain romantisme surf tranquille sur la C\u00f4te d\u2019Azur.<\/p>\n<p>Le retour de ce Brice iconique a rapidement affol\u00e9 les r\u00e9seaux. Les commentaires affluaient, oscillant entre \u00ab\u00a0merci pour ce retour\u00a0\u00bb et \u00ab\u00a0merveilleux de te revoir l\u00e0 o\u00f9 tout a commenc\u00e9\u00a0\u00bb. Cette image a imm\u00e9diatement g\u00e9n\u00e9r\u00e9 des like, des partages, et des conversations dans toute une g\u00e9n\u00e9ration. Car au-del\u00e0 du personnage, c\u2019est Jean Dujardin lui-m\u00eame, acclam\u00e9 pour son Oscar ensuite, qui rappelle pourquoi Brice reste son embl\u00e8me personnel.<\/p>\n<p>Comme il l\u2019expliquait lors de la projection anniversaire : \u00ab\u00a0C\u2019est mon Charlot \u00e0 moi\u2026 un garde-fou quand les choses deviennent trop s\u00e9rieuses\u00a0\u00bb. <\/p>\n<p>      Mentionn\u00e9s dans cet article<\/p>\n<p>      Sur le m\u00eame sujet<\/p>\n","protected":false},"excerpt":{"rendered":"R\u00e9sum\u00e9 Jean Dujardin a raviv\u00e9 la nostalgie en reprenant son r\u00f4le culte de Brice de Nice pour les&hellip;\n","protected":false},"author":2,"featured_media":314251,"comment_status":"","ping_status":"","sticky":false,"template":"","format":"standard","meta":{"footnotes":""},"categories":[1354],"tags":[6169,58,59,1346,1011,27,2440,218,1360],"class_list":{"0":"post-314250","1":"post","2":"type-post","3":"status-publish","4":"format-standard","5":"has-post-thumbnail","7":"category-films","8":"tag-brice-de-nice","9":"tag-divertissement","10":"tag-entertainment","11":"tag-films","12":"tag-fr","13":"tag-france","14":"tag-instagram","15":"tag-jean-dujardin","16":"tag-movies"},"share_on_mastodon":{"url":"https:\/\/pubeurope.com\/@fr\/115016635807217143","error":""},"_links":{"self":[{"href":"https:\/\/www.europesays.com\/fr\/wp-json\/wp\/v2\/posts\/314250","targetHints":{"allow":["GET"]}}],"collection":[{"href":"https:\/\/www.europesays.com\/fr\/wp-json\/wp\/v2\/posts"}],"about":[{"href":"https:\/\/www.europesays.com\/fr\/wp-json\/wp\/v2\/types\/post"}],"author":[{"embeddable":true,"href":"https:\/\/www.europesays.com\/fr\/wp-json\/wp\/v2\/users\/2"}],"replies":[{"embeddable":true,"href":"https:\/\/www.europesays.com\/fr\/wp-json\/wp\/v2\/comments?post=314250"}],"version-history":[{"count":0,"href":"https:\/\/www.europesays.com\/fr\/wp-json\/wp\/v2\/posts\/314250\/revisions"}],"wp:featuredmedia":[{"embeddable":true,"href":"https:\/\/www.europesays.com\/fr\/wp-json\/wp\/v2\/media\/314251"}],"wp:attachment":[{"href":"https:\/\/www.europesays.com\/fr\/wp-json\/wp\/v2\/media?parent=314250"}],"wp:term":[{"taxonomy":"category","embeddable":true,"href":"https:\/\/www.europesays.com\/fr\/wp-json\/wp\/v2\/categories?post=314250"},{"taxonomy":"post_tag","embeddable":true,"href":"https:\/\/www.europesays.com\/fr\/wp-json\/wp\/v2\/tags?post=314250"}],"curies":[{"name":"wp","href":"https:\/\/api.w.org\/{rel}","templated":true}]}}