{"id":314252,"date":"2025-08-12T16:02:07","date_gmt":"2025-08-12T16:02:07","guid":{"rendered":"https:\/\/www.europesays.com\/fr\/314252\/"},"modified":"2025-08-12T16:02:07","modified_gmt":"2025-08-12T16:02:07","slug":"dans-la-lutte-contre-la-maladie-dalzheimer-le-lithium-est-une-perspective-tres-prometteuse-liberation","status":"publish","type":"post","link":"https:\/\/www.europesays.com\/fr\/314252\/","title":{"rendered":"Dans la lutte contre la maladie d\u2019Alzheimer, \u00able lithium est une perspective tr\u00e8s prometteuse\u00bb &#8211; Lib\u00e9ration"},"content":{"rendered":"<ol>\n<li><a href=\"https:\/\/news.google.com\/rss\/articles\/CBMi_gFBVV95cUxPNkppQ24tZnhpTHVXS3B6aUZXa0J0bGc5VDRvQjRjQl9EbVQzU2pHekE4X0xQUlN5bG51bDVFRFRhdmRUZnpUVmU0cUJVRC1mSHNmMnRfWG5lc0dYczFCRlpEZ2VwUkluXzJkY010ZlhnNjdXOGI1Y0ZjTVNUeUhXMWhTZWZ1NDR5TkhYSTI0bXdTSjlpQWlhMGFUaE1KZzk5VW9RUmVVeWFDeng2MTdfZllmbllBbzB1VkgxY2NYNkNDeTRnQVl6ZDh0V1RabEhZQko2VWRndlAxSmhjVk5jc1FNUWx5aXFDaUJnNTZmaVc4N2xXd1BwWUpuVGdUZw?oc=5\" target=\"_blank\" rel=\"nofollow noopener\">Dans la lutte contre la maladie d\u2019Alzheimer, \u00able lithium est une perspective tr\u00e8s prometteuse\u00bb<\/a>&nbsp;&nbsp;Lib\u00e9ration<\/li>\n<li><a href=\"https:\/\/news.google.com\/rss\/articles\/CBMirAFBVV95cUxOUTVqOVpnR0xjMW9BT2ZDSzg1dlc2eFpPM0lVNFFCV0drMkVXanVPTmQ4YUJDdWx1VTQ2bEhCOFVjWUJGWV9ma3ZnSlpGamtiMXdtS2l2UE1BZmVNSVdoYzIxT2VYV2V5V1Z0cGtRR0tTbjFIeHZYNzFkNkJieXZtZUhXV2RaUk0wTi1HT3diQ0l5TkEyUm9xb3JTTkgxQTgxMmZoOEVMRUV3a01u?oc=5\" target=\"_blank\" rel=\"nofollow noopener\">Les scientifiques font enfin des progr\u00e8s contre la maladie d&rsquo;Alzheimer<\/a>&nbsp;&nbsp;Le Point<\/li>\n<li><a href=\"https:\/\/news.google.com\/rss\/articles\/CBMiqwFBVV95cUxPSW45b1BxbldLckwwYmh0LXFTUUtBSWVxRVVjZ3Q1LXJnVW5FYXhaRV9lbWNndHJ0Mzh3NFJKQW9YSDFtREJrYzRhT1ZlNnJaRWp1QmowUFJSUUFXTE13b013ZlhwZG1mWF9TQXdnaXpxYWZTcXozOEhFUDNfSzhFUGVMeVdya2I4U3N1VUVUYlUzQXA0YnFYWHdrMy1vakpEb0RYTml5eDVWcDg?oc=5\" target=\"_blank\" rel=\"nofollow noopener\">Sant\u00e9. Et si une carence en lithium \u00e9tait la cause de la maladie d&rsquo;Alzheimer ?<\/a>&nbsp;&nbsp;Le Progr\u00e8s<\/li>\n<li><a href=\"https:\/\/news.google.com\/rss\/articles\/CBMi9AFBVV95cUxOelZVS1VXS1JMSTVWZ0pycGlEaDNyeEZVLV82REE2a0EyY09lTFFSSnh1VGNhMnIzLUVHeS1YSi1VN3A4QzFhYlc0aER1aHV0eDg4QlA1T3JHLXlsdWhVUHgzakVtTlRfSzhld2h1SG1nNGpnVXE1OUJtQm82T2pCbzRkc2lmc21aakh0YzlrQWNYMkFFMk8tNmFzS0ltZWZKVzVOR3VUb085QkU4NEt2Um1tYjJSaDh3OGhZYlF1S0tRWDRGbTk4ZEtPWW5wNktwaC1wYVEyZWx1Vno2ckZLY1h2dXhGei1pejRXRjNTZkVFUUNk?oc=5\" target=\"_blank\" rel=\"nofollow noopener\">Alzheimer : et si le lithium \u00e9tait la cl\u00e9 pour pr\u00e9venir les troubles cognitifs, ou ralentir l\u2019\u00e9volution de la maladie<\/a>&nbsp;&nbsp;Midi Libre<\/li>\n<li><a href=\"https:\/\/news.google.com\/rss\/articles\/CBMi4gFBVV95cUxPblAtNXRzaWZXZUFCTUpaZzZvVGRoY0hFaDJ4cmRzYXczZFBPWlBCanhBMkFsYkxiajhpTzRzV2FNbl80QzdLNFh3WVZVWVAzbV9QQk5FeTNtelJvWW9qRnZJRS0weV82R3VxV3JDV2R4YzFkQ2ZVS08zVXpBN2dXTFZJYVp0dkRpN3JkTzk5VjB5djFsYjNmVHZNQTlUNGRvZm5PMWx5T0RvdGd0MWtveHl1VE5hQnBoMC03UU8yakQ4bTNsUWFIZjFWa1QxaV9sV2RMbXZydjNaZjNSb2VKb2Vn?oc=5\" target=\"_blank\" rel=\"nofollow noopener\">Alzheimer : pratiquer cette activit\u00e9 permet de r\u00e9duire \u201cd\u2019environ 20 % le risque de d\u00e9mence\u201d, selon un m\u00e9decin<\/a>&nbsp;&nbsp;Gala<\/li>\n<\/ol>\n","protected":false},"excerpt":{"rendered":"Dans la lutte contre la maladie d\u2019Alzheimer, \u00able lithium est une perspective tr\u00e8s prometteuse\u00bb&nbsp;&nbsp;Lib\u00e9ration Les scientifiques font enfin&hellip;\n","protected":false},"author":2,"featured_media":1445,"comment_status":"","ping_status":"","sticky":false,"template":"","format":"standard","meta":{"footnotes":""},"categories":[10],"tags":[1011,27,72,71],"class_list":{"0":"post-314252","1":"post","2":"type-post","3":"status-publish","4":"format-standard","5":"has-post-thumbnail","7":"category-sante","8":"tag-fr","9":"tag-france","10":"tag-health","11":"tag-sante"},"share_on_mastodon":{"url":"https:\/\/pubeurope.com\/@fr\/115016639690717505","error":""},"_links":{"self":[{"href":"https:\/\/www.europesays.com\/fr\/wp-json\/wp\/v2\/posts\/314252","targetHints":{"allow":["GET"]}}],"collection":[{"href":"https:\/\/www.europesays.com\/fr\/wp-json\/wp\/v2\/posts"}],"about":[{"href":"https:\/\/www.europesays.com\/fr\/wp-json\/wp\/v2\/types\/post"}],"author":[{"embeddable":true,"href":"https:\/\/www.europesays.com\/fr\/wp-json\/wp\/v2\/users\/2"}],"replies":[{"embeddable":true,"href":"https:\/\/www.europesays.com\/fr\/wp-json\/wp\/v2\/comments?post=314252"}],"version-history":[{"count":0,"href":"https:\/\/www.europesays.com\/fr\/wp-json\/wp\/v2\/posts\/314252\/revisions"}],"wp:featuredmedia":[{"embeddable":true,"href":"https:\/\/www.europesays.com\/fr\/wp-json\/wp\/v2\/media\/1445"}],"wp:attachment":[{"href":"https:\/\/www.europesays.com\/fr\/wp-json\/wp\/v2\/media?parent=314252"}],"wp:term":[{"taxonomy":"category","embeddable":true,"href":"https:\/\/www.europesays.com\/fr\/wp-json\/wp\/v2\/categories?post=314252"},{"taxonomy":"post_tag","embeddable":true,"href":"https:\/\/www.europesays.com\/fr\/wp-json\/wp\/v2\/tags?post=314252"}],"curies":[{"name":"wp","href":"https:\/\/api.w.org\/{rel}","templated":true}]}}