{"id":314257,"date":"2025-08-12T16:05:13","date_gmt":"2025-08-12T16:05:13","guid":{"rendered":"https:\/\/www.europesays.com\/fr\/314257\/"},"modified":"2025-08-12T16:05:13","modified_gmt":"2025-08-12T16:05:13","slug":"la-fonte-des-glaces-revele-un-cimetiere-de-geants-marins-vieux-de-plusieurs-millenaires","status":"publish","type":"post","link":"https:\/\/www.europesays.com\/fr\/314257\/","title":{"rendered":"La fonte des glaces r\u00e9v\u00e8le un cimeti\u00e8re de g\u00e9ants marins vieux de plusieurs mill\u00e9naires !"},"content":{"rendered":"<p class=\"whitespace-normal break-words\"><strong>Dans les \u00e9tendues<br \/>\nglac\u00e9es de l\u2019Arctique russe, le <a href=\"https:\/\/sciencepost.fr\/rechauffement-climatique-ralentit-en-raison-de-pollution\/\" target=\"_blank\" rel=\"noopener nofollow\">r\u00e9chauffement climatique<\/a> vient<br \/>\nde d\u00e9voiler un secret enfoui depuis des mill\u00e9naires. Des dizaines<br \/>\nde squelettes de baleines pr\u00e9historiques \u00e9mergent du perg\u00e9lisol<br \/>\nfondu, offrant aux scientifiques une fen\u00eatre exceptionnelle sur le<br \/>\npass\u00e9 de notre plan\u00e8te. Cette d\u00e9couverte macabre mais fascinante<br \/>\nillustre de mani\u00e8re saisissante les cons\u00e9quences inattendues du<br \/>\nchangement climatique.<\/strong><\/p>\n<p>Quand les<br \/>\nglaces \u00e9ternelles livrent leurs secrets<\/p>\n<p class=\"whitespace-normal break-words\">Sur l\u2019\u00eele Wilczek, perdue<br \/>\ndans l\u2019archipel de la Terre Fran\u00e7ois-Joseph au nord de la Russie,<br \/>\nune sc\u00e8ne digne d\u2019un film de science-fiction s\u2019offre aux yeux des<br \/>\nchercheurs. L\u00e0 o\u00f9 s\u2019\u00e9tendait autrefois une \u00e9paisse couche de glace,<br \/>\napparaissent aujourd\u2019hui les restes fossilis\u00e9s de cr\u00e9atures marines<br \/>\ngigantesques, fig\u00e9es dans le temps depuis des mill\u00e9naires.<\/p>\n<p class=\"whitespace-normal break-words\">Cette r\u00e9v\u00e9lation<br \/>\nspectaculaire n\u2019est pas le fruit du hasard, mais la cons\u00e9quence<br \/>\ndirecte d\u2019un ph\u00e9nom\u00e8ne climatique d\u2019une rapidit\u00e9 stup\u00e9fiante. En<br \/>\nmoins de deux d\u00e9cennies, la calotte glaciaire de l\u2019\u00eele s\u2019est<br \/>\nlitt\u00e9ralement scind\u00e9e en deux, exposant plusieurs kilom\u00e8tres carr\u00e9s<br \/>\nde terrain jusqu\u2019alors inaccessibles. Les images satellites<br \/>\nt\u00e9moignent de cette transformation radicale du paysage<br \/>\narctique.<\/p>\n<p class=\"whitespace-normal break-words\">Nikita Demidov, chercheur<br \/>\n\u00e0 l\u2019Institut de recherche arctique et antarctique russe et<br \/>\nd\u00e9couvreur de ce tr\u00e9sor pal\u00e9ontologique, <a href=\"https:\/\/aari.ru\/press-center\/news\/novosti-aari\/na-meste-otstupivshego-lednika-uchenye-aanii-obnaruzhili-krupnoe-skoplenie-ostankov-drevnikh-kitov\" target=\"_blank\" rel=\"noopener nofollow\">explique<\/a> que ces ossements<br \/>\nextraordinairement bien conserv\u00e9s t\u00e9moignent d\u2019un bouleversement<br \/>\nenvironnemental majeur. Selon lui, leur pr\u00e9sence r\u00e9v\u00e8le un \u00e9pisode<br \/>\nde changement extr\u00eamement rapide du niveau marin dans cette r\u00e9gion<br \/>\nrecul\u00e9e d\u2019Eurasie.<\/p>\n<p>Un<br \/>\nlaboratoire naturel \u00e0 ciel ouvert<\/p>\n<p class=\"whitespace-normal break-words\">Le perg\u00e9lisol, ce sol gel\u00e9<br \/>\nen permanence qui caract\u00e9rise les r\u00e9gions arctiques, s\u2019est comport\u00e9<br \/>\ncomme un gigantesque cong\u00e9lateur naturel, pr\u00e9servant ces vestiges<br \/>\ndu pass\u00e9 dans un \u00e9tat remarquable. Chaque squelette constitue<br \/>\nd\u00e9sormais une pi\u00e8ce du puzzle climatique terrestre, permettant aux<br \/>\nscientifiques de reconstituer les conditions environnementales<br \/>\nd\u2019\u00e9poque.<\/p>\n<p class=\"whitespace-normal break-words\">Cette d\u00e9couverte s\u2019inscrit<br \/>\ndans un contexte climatique pr\u00e9occupant mais scientifiquement<br \/>\nriche. Entre 2000 et 2023, les glaciers plan\u00e9taires ont fondu \u00e0 un<br \/>\nrythme effr\u00e9n\u00e9, perdant collectivement plus de 6 500 milliards de<br \/>\ntonnes de glace. Si ces chiffres alarment les climatologues, ils<br \/>\nouvrent simultan\u00e9ment des perspectives de recherche in\u00e9dites sur<br \/>\ndes paysages enfouis depuis des dizaines de milliers d\u2019ann\u00e9es.<\/p>\n<p><img loading=\"lazy\" data-lazyloaded=\"1\" decoding=\"async\" class=\"size-full wp-image-313986\" src=\"https:\/\/www.europesays.com\/fr\/wp-content\/uploads\/2025\/08\/wilczek-l.webp.webp\" alt=\"baleines\" width=\"1200\" height=\"900\"  data-\/><br \/>\nCr\u00e9dits : Nikita Demidov, AARI, Alexander Ermolov<br \/>\n<img loading=\"lazy\" data-lazyloaded=\"1\" decoding=\"async\" class=\"size-full wp-image-313985\" src=\"https:\/\/www.europesays.com\/fr\/wp-content\/uploads\/2025\/08\/whaley-l.webp.webp\" alt=\"baleines\" width=\"1200\" height=\"800\"  data-\/><br \/>\nCr\u00e9dits : Nikita Demidov, AARI, Alexander ErmolovDes g\u00e9ants<br \/>\nendormis aux quatre coins du monde<\/p>\n<p class=\"whitespace-normal break-words\">L\u2019\u00eele Wilczek n\u2019est pas un<br \/>\ncas isol\u00e9 dans l\u2019histoire des d\u00e9couvertes de cimeti\u00e8res de<br \/>\nbaleines. Ces g\u00e9ants des mers semblent avoir laiss\u00e9 leurs traces<br \/>\ndans les endroits les plus inattendus de notre plan\u00e8te. Le d\u00e9sert<br \/>\nd\u2019Atacama au Chili, l\u2019un des lieux les plus arides au monde, a<br \/>\nainsi r\u00e9v\u00e9l\u00e9 en 2010 quarante squelettes quasi parfaits lors de<br \/>\ntravaux routiers. Les analyses sugg\u00e8rent une mort collective<br \/>\nbrutale, possiblement caus\u00e9e par une prolif\u00e9ration d\u2019algues<br \/>\ntoxiques.<\/p>\n<p class=\"whitespace-normal break-words\">Plus myst\u00e9rieux encore,<br \/>\nl\u2019\u00eele d\u2019Yttygran en Russie abrite depuis les ann\u00e9es 1970 un site<br \/>\nbaptis\u00e9 \u00ab\u00a0Whale Bone Alley\u00a0\u00bb. Des cr\u00e2nes et m\u00e2choires de<br \/>\nbaleines bor\u00e9ales y sont plant\u00e9s verticalement dans le sol gel\u00e9,<br \/>\nformant un alignement spectaculaire. Ce monument naturel servait<br \/>\nautrefois de site de d\u00e9pe\u00e7age au peuple Yupik, t\u00e9moignant de<br \/>\nl\u2019ancienne relation entre l\u2019homme et ces mastodontes marins.<\/p>\n<p>Entre<br \/>\ncatastrophe et opportunit\u00e9 scientifique<\/p>\n<p class=\"whitespace-normal break-words\">Cette d\u00e9couverte arctique<br \/>\nincarne parfaitement le paradoxe du changement climatique<br \/>\ncontemporain. L\u00e0 o\u00f9 la fonte des glaces menace les \u00e9cosyst\u00e8mes et<br \/>\n\u00e9l\u00e8ve dangereusement le niveau des oc\u00e9ans, elle r\u00e9v\u00e8le<br \/>\nsimultan\u00e9ment des tr\u00e9sors scientifiques inestimables.<\/p>\n<p class=\"whitespace-normal break-words\">Les squelettes de l\u2019\u00eele<br \/>\nWilczek nous rappellent que notre plan\u00e8te a connu par le pass\u00e9 des<br \/>\nbouleversements climatiques majeurs, bien avant l\u2019intervention<br \/>\nhumaine. Ils constituent autant d\u2019indices pr\u00e9cieux pour comprendre<br \/>\nles m\u00e9canismes complexes qui r\u00e9gissent l\u2019\u00e9volution de notre<br \/>\nenvironnement et anticiper les transformations \u00e0 venir.<\/p>\n<p class=\"whitespace-normal break-words\">Dans cette course contre<br \/>\nla montre climatique, chaque d\u00e9couverte compte pour \u00e9clairer notre<br \/>\ncompr\u00e9hension du pass\u00e9 et guider nos actions futures.<\/p>\n","protected":false},"excerpt":{"rendered":"Dans les \u00e9tendues glac\u00e9es de l\u2019Arctique russe, le r\u00e9chauffement climatique vient de d\u00e9voiler un secret enfoui depuis des&hellip;\n","protected":false},"author":2,"featured_media":314258,"comment_status":"","ping_status":"","sticky":false,"template":"","format":"standard","meta":{"footnotes":""},"categories":[7],"tags":[1011,27,43,40,41,39,42,44],"class_list":{"0":"post-314257","1":"post","2":"type-post","3":"status-publish","4":"format-standard","5":"has-post-thumbnail","7":"category-sciences-et-technologies","8":"tag-fr","9":"tag-france","10":"tag-science","11":"tag-science-and-technology","12":"tag-sciences","13":"tag-sciences-et-technologies","14":"tag-technologies","15":"tag-technology"},"share_on_mastodon":{"url":"https:\/\/pubeurope.com\/@fr\/115016651569461614","error":""},"_links":{"self":[{"href":"https:\/\/www.europesays.com\/fr\/wp-json\/wp\/v2\/posts\/314257","targetHints":{"allow":["GET"]}}],"collection":[{"href":"https:\/\/www.europesays.com\/fr\/wp-json\/wp\/v2\/posts"}],"about":[{"href":"https:\/\/www.europesays.com\/fr\/wp-json\/wp\/v2\/types\/post"}],"author":[{"embeddable":true,"href":"https:\/\/www.europesays.com\/fr\/wp-json\/wp\/v2\/users\/2"}],"replies":[{"embeddable":true,"href":"https:\/\/www.europesays.com\/fr\/wp-json\/wp\/v2\/comments?post=314257"}],"version-history":[{"count":0,"href":"https:\/\/www.europesays.com\/fr\/wp-json\/wp\/v2\/posts\/314257\/revisions"}],"wp:featuredmedia":[{"embeddable":true,"href":"https:\/\/www.europesays.com\/fr\/wp-json\/wp\/v2\/media\/314258"}],"wp:attachment":[{"href":"https:\/\/www.europesays.com\/fr\/wp-json\/wp\/v2\/media?parent=314257"}],"wp:term":[{"taxonomy":"category","embeddable":true,"href":"https:\/\/www.europesays.com\/fr\/wp-json\/wp\/v2\/categories?post=314257"},{"taxonomy":"post_tag","embeddable":true,"href":"https:\/\/www.europesays.com\/fr\/wp-json\/wp\/v2\/tags?post=314257"}],"curies":[{"name":"wp","href":"https:\/\/api.w.org\/{rel}","templated":true}]}}