{"id":314266,"date":"2025-08-12T16:10:14","date_gmt":"2025-08-12T16:10:14","guid":{"rendered":"https:\/\/www.europesays.com\/fr\/314266\/"},"modified":"2025-08-12T16:10:14","modified_gmt":"2025-08-12T16:10:14","slug":"la-chaleur-plus-lodeur-cest-insupportable","status":"publish","type":"post","link":"https:\/\/www.europesays.com\/fr\/314266\/","title":{"rendered":"\u00ab\u00a0La chaleur plus l\u2019odeur, c\u2019est insupportable\u00a0\u00bb"},"content":{"rendered":"<p>16\u00a0h\u00a030 ce lundi 11\u00a0ao\u00fbt. La canicule frappe la cit\u00e9 mini\u00e8re depuis plusieurs jours\u00a0: l\u2019air est inexistant, le b\u00e9ton de la ville est br\u00fblant. M\u00eame si bon nombre de St\u00e9phanois ont d\u00e9sert\u00e9 pour se rafra\u00eechir sur les c\u00f4tes, ils sont encore nombreux dans les rues\u2026 Et aux arr\u00eats de tram et de bus. Certains essaient de se prot\u00e9ger de la chaleur en s\u2019abritant tant bien que mal derri\u00e8re les panneaux des abribus, mais la plupart prennent leur mal en patience. Il faut dire qu\u2019\u00e0 Saint-\u00c9tienne, c\u2019est au petit bonheur la chance. Certains tramways sont climatis\u00e9s, il semblerait que d\u2019autres non. Pour les bus, c\u2019est presque la m\u00eame roulette russe.<\/p>\n<p>\u00ab\u00a0On m\u2019a refus\u00e9 l\u2019entr\u00e9e avec la poussette\u00a0\u00bb<\/p>\n<p>Anya vit sur les hauteurs de Bellevue depuis deux ans. Elle prom\u00e8ne son nourrisson d\u2019\u00e0 peine quatre mois dans sa poussette,&#8230;<\/p>\n","protected":false},"excerpt":{"rendered":"16\u00a0h\u00a030 ce lundi 11\u00a0ao\u00fbt. La canicule frappe la cit\u00e9 mini\u00e8re depuis plusieurs jours\u00a0: l\u2019air est inexistant, le b\u00e9ton&hellip;\n","protected":false},"author":2,"featured_media":314267,"comment_status":"","ping_status":"","sticky":false,"template":"","format":"standard","meta":{"footnotes":""},"categories":[9653],"tags":[1111,11,2430,6698,7539,436,1777,674,1011,27,3367,12,25,4001,7538],"class_list":{"0":"post-314266","1":"post","2":"type-post","3":"status-publish","4":"format-standard","5":"has-post-thumbnail","7":"category-saint-etienne","8":"tag-actu","9":"tag-actualites","10":"tag-auvergne-rhone-alpes","11":"tag-canicule","12":"tag-edition-loire-sud","13":"tag-environnement","14":"tag-eu","15":"tag-europe","16":"tag-fr","17":"tag-france","18":"tag-loire","19":"tag-news","20":"tag-republique-francaise","21":"tag-saint-etienne","22":"tag-saint-etienne-ville"},"share_on_mastodon":{"url":"https:\/\/pubeurope.com\/@fr\/115016671182831900","error":""},"_links":{"self":[{"href":"https:\/\/www.europesays.com\/fr\/wp-json\/wp\/v2\/posts\/314266","targetHints":{"allow":["GET"]}}],"collection":[{"href":"https:\/\/www.europesays.com\/fr\/wp-json\/wp\/v2\/posts"}],"about":[{"href":"https:\/\/www.europesays.com\/fr\/wp-json\/wp\/v2\/types\/post"}],"author":[{"embeddable":true,"href":"https:\/\/www.europesays.com\/fr\/wp-json\/wp\/v2\/users\/2"}],"replies":[{"embeddable":true,"href":"https:\/\/www.europesays.com\/fr\/wp-json\/wp\/v2\/comments?post=314266"}],"version-history":[{"count":0,"href":"https:\/\/www.europesays.com\/fr\/wp-json\/wp\/v2\/posts\/314266\/revisions"}],"wp:featuredmedia":[{"embeddable":true,"href":"https:\/\/www.europesays.com\/fr\/wp-json\/wp\/v2\/media\/314267"}],"wp:attachment":[{"href":"https:\/\/www.europesays.com\/fr\/wp-json\/wp\/v2\/media?parent=314266"}],"wp:term":[{"taxonomy":"category","embeddable":true,"href":"https:\/\/www.europesays.com\/fr\/wp-json\/wp\/v2\/categories?post=314266"},{"taxonomy":"post_tag","embeddable":true,"href":"https:\/\/www.europesays.com\/fr\/wp-json\/wp\/v2\/tags?post=314266"}],"curies":[{"name":"wp","href":"https:\/\/api.w.org\/{rel}","templated":true}]}}