{"id":314276,"date":"2025-08-12T16:15:12","date_gmt":"2025-08-12T16:15:12","guid":{"rendered":"https:\/\/www.europesays.com\/fr\/314276\/"},"modified":"2025-08-12T16:15:12","modified_gmt":"2025-08-12T16:15:12","slug":"top-14-mateo-garcia-je-suis-venu-a-toulon-pour-me-mettre-en-danger-et-me-challenger","status":"publish","type":"post","link":"https:\/\/www.europesays.com\/fr\/314276\/","title":{"rendered":"Top 14 \u2013 Mat\u00e9o Garcia\u00a0: \u00ab\u00a0Je suis venu \u00e0 Toulon pour\u00a0me mettre en danger et me challenger\u00a0\u00bb"},"content":{"rendered":"<p>\n                Tout juste d\u00e9barqu\u00e9 sur la rade en provenance de Bordeaux-B\u00e8gles, l\u2019ouvreur justifie son envie d\u2019un nouveau d\u00e9fi, au sein d\u2019un club qui l\u2019a fait \u00ab\u00a0r\u00eaver\u00a0\u00bb en \u00e9tant plus jeune.\n            <\/p>\n<p><strong>Comment se d\u00e9roule votre d\u00e9but d\u2019aventure \u00e0 Toulon\u00a0?<\/strong><\/p>\n<p>Je suis agr\u00e9ablement surpris par le cadre, et j\u2019ai \u00e9t\u00e9 tr\u00e8s bien accueilli par l\u2019ensemble du club. Sur le terrain, je me sens bien. J\u2019ai eu deux semaines de vacances en plus pour bien me remettre de ma blessure \u00e0 une cuisse. On a fait le point, et les sensations sont bonnes depuis la reprise. J\u2019en suis \u00e0 quatre semaines de travail, et je suis plut\u00f4t satisfait. Je prends beaucoup de plaisir \u00e0 d\u00e9couvrir le club, la r\u00e9gion, et les personnes du club. Les voyants sont au vert.<\/p>\n<p><strong>\u00c0 l\u2019instar d\u2019autres joueurs, vous avez fait le choix de vous engager assez t\u00f4t, l\u2019an pass\u00e9, avec Toulon pour un bail de trois saisons. Pourquoi\u00a0?<\/strong><\/p>\n<p>C\u2019\u00e9tait un souhait de prendre ma d\u00e9cision assez t\u00f4t. J\u2019avais envie d\u2019avoir l\u2019esprit libre et \u00eatre \u00e0 100\u00a0% dans ma t\u00eate sur le projet de Bordeaux-B\u00e8gles. La d\u00e9cision de venir ici a \u00e9t\u00e9 plut\u00f4t facile. Vous savez, petit, j\u2019ai vu gagner Toulon\u00a0\u00e0 la t\u00e9l\u00e9vision avec une \u00e9quipe qui faisait r\u00eaver chaque passionn\u00e9. Wilkinson, Giteau\u2026 Ce sont des joueurs qui m\u2019ont fait r\u00eaver\u00a0! Quand j\u2019ai eu cette opportunit\u00e9, j\u2019ai eu envie d\u2019aller voir comment \u00e7a se passe ici. C\u2019est un club qui a gagn\u00e9, et qui sait gagner. Puis, Toulon, c\u2019est aussi Mayol, un stade mythique dans lequel j\u2019ai d\u00e9j\u00e0 des bons souvenirs. Pour moi, c\u2019\u00e9tait le meilleur choix \u00e0 ce stade de ma carri\u00e8re.<\/p>\n<p><strong>Pour la premi\u00e8re fois de votre vie, vous allez vous \u00e9loigner de votre Pays Basque natal\u2026<\/strong><\/p>\n<p>Honn\u00eatement, je suis tr\u00e8s famille. J\u2019ai encore beaucoup d\u2019amis l\u00e0-bas.\u00a0En v\u00e9rit\u00e9, je suis venu \u00e0 Toulon pour\u00a0me mettre en danger et me challenger \u00e0 tous les niveaux. \u00c7a va me faire grandir. J\u2019en ai d\u2019ailleurs discut\u00e9 avec Pierre (Mignoni, directeur du rugby) et Laurent (Emmanuelli, directeur sportif). On a eu des \u00e9changes naturels et fluides. Nous \u00e9tions align\u00e9s sur ce que l\u2019on voulait. Je recherchais plus de temps de jeu, dans une \u00e9quipe qui existe dans le tr\u00e8s haut du tableau du Top 14. J\u2019avais aussi envie d\u2019habiter proche de la mer. J\u2019ai \u00e9t\u00e9 \u00e9duqu\u00e9 \u00e0 c\u00f4t\u00e9 de l\u2019oc\u00e9an, et j\u2019ai eu l\u2019envie de retrouver cet aspect-l\u00e0. Tout est r\u00e9uni, ici, pour que cela se passe bien, m\u00eame si je sais que la saison sera longue. Pour l\u2019instant, la d\u00e9couverte est positive. Je suis heureux, et j\u2019apprends \u00e0 conna\u00eetre mes nouveaux co\u00e9quipiers. Je connaissais peu de monde ici, hormis Jules (Coulon) que j\u2019ai c\u00f4toy\u00e9 en \u00e9quipe de France moins de 20 ans et Baptiste (Serin). Je suis curieux, et \u00e7a me\u00a0pla\u00eet d\u2019apprendre \u00e0 d\u00e9couvrir d\u2019autres joueurs.<\/p>\n<p><strong>La famille a-t-elle eu son mot \u00e0 dire dans votre choix\u00a0?<\/strong><\/p>\n<p>\u00c0 chaque fois que j\u2019ai eu des \u00e9changes avec mon agent ou Pierre, j\u2019appelais derri\u00e8re\u00a0mes proches dans la journ\u00e9e (sourire). J\u2019ai bien s\u00fbr eu besoin des avis de chacun, mais j\u2019ai eu le dernier mot. Leur discours \u00e9tait simple\u00a0: \u00ab\u00a0On te donne notre avis, mais fais ce qui te semble le mieux pour toi.\u00a0\u00bb Le mieux \u00e9tait Toulon.<\/p>\n<p><strong>Est-ce que cette r\u00e9flexion a pu vous perturber\u00a0? Comment avez-vous v\u00e9cu ces semaines\u00a0?<\/strong><\/p>\n<p>Non. Honn\u00eatement, je peux m\u00eame me dire que j\u2019ai \u00e9t\u00e9 chanceux, car j\u2019ai eu le choix entre Toulon et d\u2019autres clubs (Bayonne \u00e9tait aussi int\u00e9ress\u00e9, NDLR). Apr\u00e8s, il fallait simplement prendre une d\u00e9cision.<\/p>\n<p><strong>Vous avez parl\u00e9 de bons souvenirs \u00e0 Mayol. Quels sont-ils\u00a0?<\/strong><\/p>\n<p>Pour moi, Mayol, c\u2019est ma vraie premi\u00e8re chez les professionnels. J\u2019\u00e9tais entr\u00e9 deux minutes \u00e0 La\u00a0Rochelle, mais \u00e0 Toulon, j\u2019avais jou\u00e9 quasiment une demi-heure. C\u2019est le stade o\u00f9 j\u2019ai mis mes premiers points en Top 14. J\u2019avais pris un plaisir fou de faire ma premi\u00e8re l\u00e0-bas, dans un temple du rugby fran\u00e7ais. C\u2019est un endroit incontournable. \u00c0 chaque fois que je suis venu ici, j\u2019ai toujours pris du plaisir. Il y a de bonnes \u00e9nergies, car c\u2019est toujours un gros test en tant qu\u2019adversaire. C\u2019est un endroit hostile, avec des passionn\u00e9s et des connaisseurs dans les tribunes. Je suis heureux de changer de c\u00f4t\u00e9 (sourire). Dans mon choix, c\u2019\u00e9tait aussi important de baigner dans une r\u00e9gion tr\u00e8s rugby. Moi, je parle du rugby huit jours sur sept depuis que j\u2019ai cinq ans (rires). J\u2019aime discuter de rugby avec les gens, dans des d\u00e9bats plus ou moins constructifs (sourire). J\u2019aime \u00e7a\u00a0!<\/p>\n<p><strong>Il y a deux saisons, vous aviez \u00e9t\u00e9 tr\u00e8s en vue. L\u2019an pass\u00e9, vous avez \u00e9t\u00e9 bless\u00e9, vous avez eu moins de temps de jeu, mais vous avez aussi d\u00e9couvert l\u2019\u00e9quipe de France \u00e0 7. Quel bilan tirez-vous de votre dernier exercice\u00a0?<\/strong><\/p>\n<p>Honn\u00eatement, elle n\u2019a pas \u00e9t\u00e9 frustrante. Elle a fait partie d\u2019un apprentissage. Le passage \u00e0 sept m\u2019a fait beaucoup de bien. Je suis parti \u00e0 quatre tournois, c\u2019\u00e9tait une belle exp\u00e9rience. Je suis quelqu\u2019un de tr\u00e8s curieux, et \u00e7a m\u2019a fait d\u00e9couvrir une autre facette du rugby. Je pense aussi que cela a eu des bienfaits notamment concernant l\u2019aspect athl\u00e9tique. L\u2019exp\u00e9rience a aussi chang\u00e9 mon approche du rugby.<\/p>\n<p><strong>C\u2019est-\u00e0-dire\u00a0?<\/strong><\/p>\n<p>Je suis beaucoup plus lib\u00e9r\u00e9 depuis cette exp\u00e9rience \u00e0 sept, mieux dans la t\u00eate. J\u2019\u00e9tais tomb\u00e9 dans un \u00e9tat d\u2019esprit o\u00f9 tout \u00e9tait tr\u00e8s s\u00e9quenc\u00e9 sur le projet du club. J\u2019ai le sentiment que \u00e7a m\u2019a ouvert l\u2019esprit en tant que joueur et personne. Le sept, c\u2019est l\u2019essence m\u00eame du rugby. Quand je suis revenu \u00e0 Bordeaux-B\u00e8gles, j\u2019ai eu l\u2019envie de plus jouer, d\u2019attaquer les espaces, de prendre des risques et de tenter les d\u00e9calages. Je ne regrette pas du tout d\u2019avoir pu le faire durant cette p\u00e9riode. J\u2019ai retrouv\u00e9 ce c\u00f4t\u00e9 amusement pur de notre sport. Puis, c\u2019\u00e9tait aussi une d\u00e9couverte d\u2019autres horizons, d\u2019autres pays. C\u2019est une chance de pouvoir voyager gr\u00e2ce au sport. Nous \u00e9tions, toutes les nations, dans les m\u00eames h\u00f4tels et tu discutes avec des \u00e9trangers dans un cadre plut\u00f4t cool. C\u2019est un m\u00e9lange incroyable et tu apprends sur toi mais surtout sur les autres. Tu t\u2019ouvres en tant que personne.<\/p>\n<p><strong>Physiquement, \u00eates-vous aussi un joueur diff\u00e9rent\u00a0?<\/strong><\/p>\n<p>Honn\u00eatement, la pr\u00e9paration \u00e9tait tr\u00e8s dure. \u00c0 Marcoussis, ils ont une salle o\u00f9 tu peux faire monter la temp\u00e9rature. J\u2019ai gagn\u00e9 en tonicit\u00e9, dans le fait de r\u00e9p\u00e9ter les t\u00e2ches. J\u2019ai beaucoup \u00e9volu\u00e9, mais j\u2019esp\u00e8re maintenant le montrer sur le terrain.<\/p>\n<p><strong>Comme toutes les recrues du RCT, vous \u00eates d\u00e9j\u00e0 assez scrut\u00e9 par les habitu\u00e9s lors des entra\u00eenements. Vous avez aussi \u00e9voqu\u00e9 des l\u00e9gendes comme Wilkinson ou bien Giteau. Comment appr\u00e9hendez-vous cette forme de pression\u00a0?<\/strong><\/p>\n<p>\u00c9tant du sud-ouest, on na\u00eet un peu dedans (sourire). Je pense que Toulon est un club similaire \u00e0 Bayonne. J\u2019avais en tout cas le souhait de retrouver cette forme de proximit\u00e9 entre la ville et le club. Je voulais un club avec une forte identit\u00e9. Je pense que je suis bien tomb\u00e9, quand vous voyez le monde rien que pour des entra\u00eenements\u00a0! J\u2019ai \u00e9voqu\u00e9 les anciens, car ils ont permis au club d\u2019avoir un palmar\u00e8s incroyable. Ces mecs m\u2019ont donn\u00e9 envie de conna\u00eetre le haut niveau, quand j\u2019\u00e9tais jeune. Pour moi, ce n\u2019est pas une pression. Ils ont \u00e9crit l\u2019histoire, \u00e0 nous d\u2019\u00e9crire la suite et de marcher dans leur trace.<\/p>\n<p><strong>Nous savons que Mignoni aime donner des objectifs de progression \u00e0 ses joueurs. Quels sont les v\u00f4tres\u00a0?<\/strong><\/p>\n<p>\u00c0 mon poste, je dois cadrer les choses, et ne pas faire n\u2019importe quoi. Je suis un joueur d\u2019instinct. Je dois conserver cette qualit\u00e9, mais dans le jeu structur\u00e9. C\u2019est d\u2019ailleurs souvent le cas pour les ouvreurs. Je dois travailler mon jeu, notamment dans la prise de d\u00e9cision. C\u2019est assez marrant, mais en bref\u00a0: je dois \u00eatre un ouvreur qui doit \u00eatre en capacit\u00e9 de sortir parfois du cadre, tout en le conservant selon ce que le jeu demande. Apr\u00e8s, plus individuellement, j\u2019ai envie de jouer le plus possible, et bien \u00e9videmment pour l\u2019\u00e9quipe, j\u2019ai envie qu\u2019on fasse mieux que l\u2019an pass\u00e9 dans les deux comp\u00e9titions. La barre est haute, mais il faut \u00eatre ambitieux.<\/p>\n<p><strong>Avec l\u2019envie d\u2019\u00eatre acteur d\u2019un titre, ce que vous n\u2019avez pas pu \u00eatre \u00e0 Bordeaux-B\u00e8gles puisque vous \u00e9tiez bless\u00e9 lors du succ\u00e8s en Champions Cup\u2026<\/strong><\/p>\n<p>J\u2019ai plut\u00f4t bien v\u00e9cu ce succ\u00e8s, car comme vous l\u2019avez dit, j\u2019\u00e9tais bless\u00e9 et mes chances d\u2019\u00eatre disponible \u00e9taient nulles. J\u2019ai \u00e9t\u00e9 le premier supporter de mes partenaires, et j\u2019ai v\u00e9cu un moment fantastique. Le retour \u00e0 Bordeaux a \u00e9t\u00e9 incroyable. J\u2019ai donc go\u00fbt\u00e9 un peu de \u00e7a. Maintenant, j&rsquo;ai envie\u00a0de vivre ces moments sur la pelouse.<\/p>\n","protected":false},"excerpt":{"rendered":"Tout juste d\u00e9barqu\u00e9 sur la rade en provenance de Bordeaux-B\u00e8gles, l\u2019ouvreur justifie son envie d\u2019un nouveau d\u00e9fi, au&hellip;\n","protected":false},"author":2,"featured_media":314277,"comment_status":"","ping_status":"","sticky":false,"template":"","format":"standard","meta":{"footnotes":""},"categories":[9619],"tags":[1111,11,1777,674,1011,27,12,882,25,2310],"class_list":{"0":"post-314276","1":"post","2":"type-post","3":"status-publish","4":"format-standard","5":"has-post-thumbnail","7":"category-toulon","8":"tag-actu","9":"tag-actualites","10":"tag-eu","11":"tag-europe","12":"tag-fr","13":"tag-france","14":"tag-news","15":"tag-provence-alpes-cote-dazur","16":"tag-republique-francaise","17":"tag-toulon"},"share_on_mastodon":{"url":"https:\/\/pubeurope.com\/@fr\/115016690859569709","error":""},"_links":{"self":[{"href":"https:\/\/www.europesays.com\/fr\/wp-json\/wp\/v2\/posts\/314276","targetHints":{"allow":["GET"]}}],"collection":[{"href":"https:\/\/www.europesays.com\/fr\/wp-json\/wp\/v2\/posts"}],"about":[{"href":"https:\/\/www.europesays.com\/fr\/wp-json\/wp\/v2\/types\/post"}],"author":[{"embeddable":true,"href":"https:\/\/www.europesays.com\/fr\/wp-json\/wp\/v2\/users\/2"}],"replies":[{"embeddable":true,"href":"https:\/\/www.europesays.com\/fr\/wp-json\/wp\/v2\/comments?post=314276"}],"version-history":[{"count":0,"href":"https:\/\/www.europesays.com\/fr\/wp-json\/wp\/v2\/posts\/314276\/revisions"}],"wp:featuredmedia":[{"embeddable":true,"href":"https:\/\/www.europesays.com\/fr\/wp-json\/wp\/v2\/media\/314277"}],"wp:attachment":[{"href":"https:\/\/www.europesays.com\/fr\/wp-json\/wp\/v2\/media?parent=314276"}],"wp:term":[{"taxonomy":"category","embeddable":true,"href":"https:\/\/www.europesays.com\/fr\/wp-json\/wp\/v2\/categories?post=314276"},{"taxonomy":"post_tag","embeddable":true,"href":"https:\/\/www.europesays.com\/fr\/wp-json\/wp\/v2\/tags?post=314276"}],"curies":[{"name":"wp","href":"https:\/\/api.w.org\/{rel}","templated":true}]}}