{"id":314278,"date":"2025-08-12T16:16:10","date_gmt":"2025-08-12T16:16:10","guid":{"rendered":"https:\/\/www.europesays.com\/fr\/314278\/"},"modified":"2025-08-12T16:16:10","modified_gmt":"2025-08-12T16:16:10","slug":"un-consensus-inedit-entre-les-ecologistes-et-la-coordination-rurale","status":"publish","type":"post","link":"https:\/\/www.europesays.com\/fr\/314278\/","title":{"rendered":"un consensus in\u00e9dit entre les \u00e9cologistes et la Coordination rurale"},"content":{"rendered":"<p>            Par<br \/>\n        <strong><br \/>\n            <a href=\"https:\/\/actu.fr\/auteur\/metropoop\" title=\"Consulter tous les articles de R\u00e9daction M\u00e9tropolitain\" target=\"_blank\" rel=\"noopener\">R\u00e9daction M\u00e9tropolitain<\/a><br \/>\n        <\/strong><\/p>\n<p>        Publi\u00e9 le<\/p>\n<p>            12 ao\u00fbt 2025 \u00e0 17h30        <\/p>\n<p>C\u2019est une grande premi\u00e8re dans l\u2019<strong>H\u00e9rault<\/strong> : les <strong>agriculteurs<\/strong> et les <strong>\u00e9cologistes<\/strong> r\u00e9unis ces derniers jours \u00e0 <strong>Prades-le-Lez<\/strong>, au nord de Montpellier ont trouv\u00e9 des points d\u2019accord sur l\u2019eau, la Politique agricole commune -PAC- et la d\u00e9fense du territoire.<\/p>\n<p>    <a href=\"https:\/\/www.google.com\/maps\/embed?pb=!1m18!1m12!1m3!1d103876.4915403972!2d3.824634161951208!3d43.71799603070418!2m3!1f0!2f0!3f0!3m2!1i1024!2i768!4f13.1!3m3!1m2!1s0x12b6a9ac60ea09bd%3A0x17409b475cce0d8a!2sPrades-le-Lez!5e0!3m2!1sfr!2sfr!4v1754983262463!5m2!1sfr!2sfr\" title=\"Ouvrie le lien\" target=\"_blank\" rel=\"noopener\">Cliquez ici pour visualiser le contenu<\/a><\/p>\n<p class=\" wall-content\">Cette rencontre constructive a \u00e9t\u00e9 organis\u00e9e apr\u00e8s une lettre ouverte des <strong>\u00e9cologistes<\/strong> appelant J\u00e9r\u00f4me Despey au dialogue. La <strong>Coordination rurale<\/strong> -CR 34- a sollicit\u00e9 les Verts \u00e0 \u00e9changer sur les enjeux agricoles, environnementaux et \u00e9conomiques locaux. <strong>J\u00e9r\u00f4me Despey<\/strong>\u00a0est viticulteur \u00e0 l\u2019Est de Montpellier, c\u00e9r\u00e9alier, secr\u00e9taire g\u00e9n\u00e9ral de la F\u00e9d\u00e9ration nationale des syndicats d\u2019exploitants agricole -FNSEA- et pr\u00e9sident de la Chambre d\u2019agriculture de l\u2019H\u00e9rault.<\/p>\n<p class=\" wall-content\">Engag\u00e9 dans la d\u00e9fense des acteurs du secteur viticole, il met tout en \u0153uvre pour renouveler les g\u00e9n\u00e9rations dans l\u2019agriculture et permettre \u00e0 des jeunes d\u2019acc\u00e9der au m\u00e9tier, mais il est critiqu\u00e9. \u00c0 Prades-le-Lez, les participants ont d\u00e9nonc\u00e9 le double langage de la FDSEA et de J\u00e9r\u00f4me Despey, jug\u00e9 contradictoire entre positions locales et discours nationaux, appelant \u00e0 plus de coh\u00e9rence pour d\u00e9fendre efficacement les agriculteurs, plut\u00f4t que l\u2019agro-industrie.<\/p>\n<p class=\" wall-content\">Des consensus forts ont \u00e9merg\u00e9 de cette r\u00e9union.\u00a0<\/p>\n<p>Vid\u00e9os : en ce moment sur Actu<\/p>\n<p class=\" wall-content\"><strong>Eau<\/strong> : rejet commun des m\u00e9ga-bassines pompant les nappes profondes au b\u00e9n\u00e9fice d\u2019une minorit\u00e9, volont\u00e9 de solutions partag\u00e9es et justes : retenues collinaires et optimisation des ressources.\u00a0<br \/><strong>PAC<\/strong> : accord pour une r\u00e9gionalisation adapt\u00e9e aux r\u00e9alit\u00e9s locales, d\u00e9nonciation des circuits longs et de la concurrence d\u00e9loyale. <br \/><strong>Revenus agricoles<\/strong> : n\u00e9cessit\u00e9 de r\u00e9mun\u00e9ration digne en d\u00e9veloppant les d\u00e9bouch\u00e9s locaux notamment. <br \/><strong>Foncier<\/strong>\u00a0: lutte contre b\u00e9tonisation et mitage urbain. <br \/><strong>Normes<\/strong> : m\u00eame exigence pour les importations que pour la production locale.\u00a0<\/p>\n<p class=\" wall-content\">Au-del\u00e0 des divergences, cette rencontre a montr\u00e9 qu\u2019un dialogue constructif est possible pour b\u00e2tir des solutions viables, \u00e9quitables et territorialis\u00e9es et qu\u2019il est n\u00e9cessaire au vu des attaques incessantes port\u00e9es au monde agricole et \u00e0 l\u2019agriculture nourrici\u00e8re.<\/p>\n<p class=\" wall-content\">Suivez toute l\u2019actualit\u00e9 de vos villes et m\u00e9dias favoris en vous inscrivant \u00e0 <a href=\"https:\/\/moncompte.actu.fr\" title=\"D\u00e9couvez Mon Actu\" rel=\"nofollow noopener\" data-trk=\"{&quot;cta&quot;:{&quot;action&quot;:&quot;https:\\\/\\\/moncompte.actu.fr&quot;,&quot;category&quot;:&quot;mon compte&quot;,&quot;from&quot;:&quot;article footer&quot;,&quot;name&quot;:&quot;Mon actu&quot;,&quot;type&quot;:&quot;cta&quot;}}\" target=\"_blank\">Mon Actu<\/a>.<\/p>\n<ul class=\"ac-article-tag wall-content\">\n<li><a href=\"https:\/\/actu.fr\/tag\/agriculture\" data-trk=\"{&quot;cta&quot;:{&quot;action&quot;:&quot;Agriculture&quot;,&quot;category&quot;:&quot;tag&quot;,&quot;from&quot;:&quot;article footer&quot;,&quot;name&quot;:&quot;Agriculture&quot;,&quot;type&quot;:&quot;cta&quot;}}\" target=\"_blank\" rel=\"noopener\">#Agriculture<\/a><\/li>\n<li><a href=\"https:\/\/actu.fr\/tag\/coordination-rurale\" data-trk=\"{&quot;cta&quot;:{&quot;action&quot;:&quot;Coordination rurale&quot;,&quot;category&quot;:&quot;tag&quot;,&quot;from&quot;:&quot;article footer&quot;,&quot;name&quot;:&quot;Coordination rurale&quot;,&quot;type&quot;:&quot;cta&quot;}}\" target=\"_blank\" rel=\"noopener\">#Coordination rurale<\/a><\/li>\n<\/ul>\n","protected":false},"excerpt":{"rendered":"Par R\u00e9daction M\u00e9tropolitain Publi\u00e9 le 12 ao\u00fbt 2025 \u00e0 17h30 C\u2019est une grande premi\u00e8re dans l\u2019H\u00e9rault : les&hellip;\n","protected":false},"author":2,"featured_media":314279,"comment_status":"","ping_status":"","sticky":false,"template":"","format":"standard","meta":{"footnotes":""},"categories":[9599],"tags":[1111,11,327,26141,1777,674,1011,27,2208,12,2680,25,104],"class_list":{"0":"post-314278","1":"post","2":"type-post","3":"status-publish","4":"format-standard","5":"has-post-thumbnail","7":"category-montpellier","8":"tag-actu","9":"tag-actualites","10":"tag-agriculture","11":"tag-coordination-rurale","12":"tag-eu","13":"tag-europe","14":"tag-fr","15":"tag-france","16":"tag-montpellier","17":"tag-news","18":"tag-occitanie","19":"tag-republique-francaise","20":"tag-societe"},"share_on_mastodon":{"url":"https:\/\/pubeurope.com\/@fr\/115016694796185669","error":""},"_links":{"self":[{"href":"https:\/\/www.europesays.com\/fr\/wp-json\/wp\/v2\/posts\/314278","targetHints":{"allow":["GET"]}}],"collection":[{"href":"https:\/\/www.europesays.com\/fr\/wp-json\/wp\/v2\/posts"}],"about":[{"href":"https:\/\/www.europesays.com\/fr\/wp-json\/wp\/v2\/types\/post"}],"author":[{"embeddable":true,"href":"https:\/\/www.europesays.com\/fr\/wp-json\/wp\/v2\/users\/2"}],"replies":[{"embeddable":true,"href":"https:\/\/www.europesays.com\/fr\/wp-json\/wp\/v2\/comments?post=314278"}],"version-history":[{"count":0,"href":"https:\/\/www.europesays.com\/fr\/wp-json\/wp\/v2\/posts\/314278\/revisions"}],"wp:featuredmedia":[{"embeddable":true,"href":"https:\/\/www.europesays.com\/fr\/wp-json\/wp\/v2\/media\/314279"}],"wp:attachment":[{"href":"https:\/\/www.europesays.com\/fr\/wp-json\/wp\/v2\/media?parent=314278"}],"wp:term":[{"taxonomy":"category","embeddable":true,"href":"https:\/\/www.europesays.com\/fr\/wp-json\/wp\/v2\/categories?post=314278"},{"taxonomy":"post_tag","embeddable":true,"href":"https:\/\/www.europesays.com\/fr\/wp-json\/wp\/v2\/tags?post=314278"}],"curies":[{"name":"wp","href":"https:\/\/api.w.org\/{rel}","templated":true}]}}