{"id":314290,"date":"2025-08-12T16:22:14","date_gmt":"2025-08-12T16:22:14","guid":{"rendered":"https:\/\/www.europesays.com\/fr\/314290\/"},"modified":"2025-08-12T16:22:14","modified_gmt":"2025-08-12T16:22:14","slug":"cette-ancienne-prof-des-ecoles-est-devenue-fille-au-pair-en-australie","status":"publish","type":"post","link":"https:\/\/www.europesays.com\/fr\/314290\/","title":{"rendered":"cette ancienne prof des \u00e9coles est devenue fille au pair en Australie"},"content":{"rendered":"<p>            Par<br \/>\n        <strong><br \/>\n            <a href=\"https:\/\/actu.fr\/auteur\/redaction-jv\" title=\"Consulter tous les articles de R\u00e9daction Vitr\u00e9\" target=\"_blank\" rel=\"noopener\">R\u00e9daction Vitr\u00e9<\/a><br \/>\n        <\/strong><\/p>\n<p>        Publi\u00e9 le<\/p>\n<p>            12 ao\u00fbt 2025 \u00e0 17h45        <\/p>\n<p><b>Professeure des \u00e9coles<\/b> depuis sept ans, <b>Marine Gilbert <\/b>a enseign\u00e9 principalement en classe de CM1-CM\u20092, notamment \u00e0 l\u2019\u00e9cole Sainte-Croix, de <b>Ch\u00e2teaugiron<\/b> (Ille-et-Vilaine), dont elle est originaire. \u00ab\u2009Mais apr\u00e8s plusieurs ann\u00e9es \u00e0 enseigner, j\u2019ai ressenti <b>le besoin de faire une pause<\/b>, raconte-t-elle. Ce besoin s\u2019est accentu\u00e9 apr\u00e8s <b>un drame personnel\u2009<\/b>: mon papa a mis fin \u00e0 ses jours en septembre\u00a02023, peu apr\u00e8s mon retour d\u2019un mois et demi pass\u00e9 \u00e0 Bali durant mes vacances scolaires. Ce choc m\u2019a profond\u00e9ment marqu\u00e9e et a renforc\u00e9 mon envie de <b>partir, de m\u2019\u00e9loigner, de souffler<\/b>\u2009\u00bb.<\/p>\n<p>Un aller simple pour Sydney<\/p>\n<p class=\" wall-content\">C\u2019est \u00e0 Bali qu\u2019elle a d\u00e9couvert le principe du <b>PVT<\/b> (Permis vacances travail), tr\u00e8s courant en Australie. Elle a rencontr\u00e9 de nombreuses personnes qui avaient os\u00e9 tenter l\u2019aventure.<\/p>\n<p class=\" wall-content\">\u00ab\u2009J\u2019ai longtemps pens\u00e9 que c\u2019\u00e9tait impossible pour moi, mais cet \u00e9v\u00e9nement m\u2019a pouss\u00e9e \u00e0 franchir le pas. J\u2019ai donc demand\u00e9 <b>une ann\u00e9e de disponibilit\u00e9<\/b>, qui a \u00e9t\u00e9 accept\u00e9e. En d\u00e9cembre\u00a02023, j\u2019ai pris <b>un aller simple pour Sydney,<\/b> avec comme seule certitude\u2009: celle de vouloir vivre une autre exp\u00e9rience\u2009\u00bb.<\/p>\n<p class=\" wall-content\">Marine Gilbert cherchait un pays anglophone, avec une mentalit\u00e9 ouverte et un climat agr\u00e9able, et souhaitait am\u00e9liorer son anglais, dans un pays o\u00f9 elle pouvait obtenir un visa de travail. L\u2019Australie cochait toutes les cases.<\/p>\n<p class=\" wall-content\">\u00ab\u2009\u00c0 mon arriv\u00e9e \u00e0 Sydney, je ne connaissais personne. J\u2019ai log\u00e9 en auberge de jeunesse, j\u2019ai rencontr\u00e9 beaucoup de monde. Je pensais travailler comme serveuse. Je suis devenue <b>fille au pair<\/b>\u2009: une solution tr\u00e8s r\u00e9pandue en Australie.\u2009\u00bb<\/p>\n<p>Livreuse Uber Eats<\/p>\n<p class=\" wall-content\">Marine Gilbert est pass\u00e9e par des groupes Facebook, o\u00f9 elle a post\u00e9 une annonce avec des photos et son CV. Plusieurs familles l\u2019ont contact\u00e9e, et apr\u00e8s quelques entretiens, elle a \u00e9t\u00e9 recrut\u00e9e par <b>une famille avec trois gar\u00e7ons \u00e0 Sydney<\/b>.<\/p>\n<p class=\" wall-content\">\u00ab\u2009Je m\u2019occupais des enfants matin et soir\u2009: je les pr\u00e9parais, les accompagnais \u00e0 l\u2019\u00e9cole, puis je les r\u00e9cup\u00e9rais en fin d\u2019apr\u00e8s-midi. Entre-temps, je travaillais comme<b> serveuse<\/b>. C\u2019\u00e9tait un rythme bien charg\u00e9, mais extr\u00eamement enrichissant.\u2009\u00bb<\/p>\n<p class=\" wall-content\">Les d\u00e9buts ont \u00e9t\u00e9 tr\u00e8s difficiles\u2009: \u00ab\u2009Je comprenais tr\u00e8s mal l\u2019anglais. Mais j\u2019ai progress\u00e9 rapidement. Aujourd\u2019hui, je suis loin d\u2019\u00eatre bilingue, mais je peux tenir une conversation, travailler, et voyager sans difficult\u00e9\u2009\u00bb.<\/p>\n<blockquote class=\"instagram-media wall-content\" data-instgrm-captioned=\"\" data-instgrm-permalink=\"https:\/\/www.instagram.com\/reel\/DKAHsolu7n6\/?utm_source=ig_embed&amp;utm_campaign=loading\" data-instgrm-version=\"14\" style=\"background: #FFF; border: 0; border-radius: 3px; box-shadow: 0 0 1px 0 rgba(0,0,0,0.5),0 1px 10px 0 rgba(0,0,0,0.15); margin: 1px; max-width: 540px; min-width: 326px; padding: 0; width: calc(100% - 2px);\">\n<\/blockquote>\n<p>Voyager sans \u00eatre riche<\/p>\n<p class=\" wall-content\">Apr\u00e8s quatre mois \u00e0 Sydney, Marine Gilbert a voyag\u00e9 <b>un mois en Tha\u00eflande<\/b> puis <b>un mois aux Philippines<\/b>. Elle est rentr\u00e9e en France trois semaines pour les f\u00eates, puis est repartie, \u00e0 Perth, \u00e0 l\u2019ouest du pays, pour faire ses \u00ab\u200988\u00a0jours\u2009\u00bb en ferme. Une obligation si l\u2019on veut renouveler son visa pour une seconde ann\u00e9e.<\/p>\n<p>    <img   decoding=\"async\" loading=\"lazy\" class=\"size-large\" src=\"https:\/\/www.europesays.com\/fr\/wp-content\/uploads\/2025\/08\/100960904b886640960904b8858096v-768x640.jpg\" alt=\"Marine Gilbert a eu un coup de c\u0153ur pour Sydney.\" width=\"768\" height=\"640\"\/><br \/>\n    Marine Gilbert a eu un coup de c\u0153ur pour Sydney. \u00a9Photo transmise<\/p>\n<p class=\" wall-content\">\u00ab\u2009Avec mon compagnon, rencontr\u00e9 en Australie, on a travaill\u00e9 un mois dans un abattoir puis deux mois et demi dans <b>une ferme de grenades. <\/b>J\u2019ai ensuite \u00e9t\u00e9 de nouveau fille au pair pendant un mois dans une autre famille, avec deux enfants et des animaux.\u2009\u00bb<\/p>\n<p>L\u2019importance de se montrer d\u00e9brouillard<\/p>\n<p class=\" wall-content\">Marine Gilbert s\u2019est aussi essay\u00e9e dans<b> le pet-sitting<\/b> (garde d\u2019animaux en \u00e9change d\u2019un logement gratuit), et m\u00eame comme livreuse Uber Eats.<\/p>\n<p class=\" wall-content\">\u00ab\u2009Ces petits boulots m\u2019ont permis de vivre cette ann\u00e9e sans toucher \u00e0 mes \u00e9conomies. Contrairement \u00e0 ce qu\u2019on croit, il est tout \u00e0 fait possible de <b>voyager longtemps sans \u00eatre riche<\/b>, tant qu\u2019on est d\u00e9brouillard. Ce voyage m\u2019a transform\u00e9e. J\u2019ai appris \u00e0 me d\u00e9brouiller seule, \u00e0 sortir de ma zone de confort, \u00e0 vivre pleinement le moment pr\u00e9sent.\u2009\u00bb<\/p>\n<p class=\" wall-content\">Elle rentrera en France avec une vision des choses chang\u00e9e.<\/p>\n<p class=\" wall-content\">\u00ab\u2009Cette immersion m\u2019a aussi donn\u00e9 envie d\u2019enseigner autrement. De ralentir le rythme, d\u2019all\u00e9ger la pression mise par les programmes \u00e0 tenir. \u00c0 mon retour, j\u2019aimerais trouver des fa\u00e7ons innovantes de transmettre l\u2019anglais, de donner envie aux \u00e9l\u00e8ves d\u2019aimer cette langue.\u2009\u00bb<\/p>\n<p class=\" wall-content\">La jeune femme a choisi de prolonger sa disponibilit\u00e9 d\u2019une ann\u00e9e suppl\u00e9mentaire, et ne reprendra qu\u2019en <b>septembre\u00a02026,<\/b> si elle d\u00e9cide de revenir.<\/p>\n<p class=\" wall-content\"><a href=\"https:\/\/www.instagram.com\/p\/DL-TJOsIU04\/embed\" title=\"Ouvrir le lien sur Instagram\" target=\"_blank\" rel=\"noopener\">Visualiser le contenu sur Instagram<\/a><\/p>\n<p>Un mode de vie sain<\/p>\n<p class=\" wall-content\">Son coup de c\u0153ur\u2009? C\u2019est <b>Bondi Beach, <\/b>\u00e0 deux pas du centre de Sydney, une plage immense, fr\u00e9quent\u00e9e par les surfeurs, avec une ambiance d\u00e9contract\u00e9e, sportive, solaire.<\/p>\n<p class=\" wall-content\">\u00ab\u2009J\u2019y ai v\u00e9cu deux semaines dans une colocation avec des Italiens, \u00e0 quelques minutes \u00e0 pied de la mer. L\u2019Australie, c\u2019est <b>un mode de vie tr\u00e8s sain<\/b>\u2009: les gens se l\u00e8vent t\u00f4t, font du sport d\u00e8s l\u2019aube, se couchent t\u00f4t, les bars ferment souvent \u00e0 1\u2009h\u2026 Tout est plus calme, plus align\u00e9. Il y a une vraie culture de l\u2019\u00e9quilibre et du bien-\u00eatre.\u2009\u00bb<\/p>\n<p>Kookaburras, cacato\u00e8s, kangourous\u2026<\/p>\n<p class=\" wall-content\">La faune l\u2019a aussi beaucoup marqu\u00e9e\u2009: les kookaburras, les cacato\u00e8s en libert\u00e9 dans les arbres, les kangourous sauvages, les p\u00e9licans sur les plages, les petits marsupiaux qu\u2019on appelle les quokkas. <b>Une vraie carte postale<\/b>, au quotidien.<\/p>\n<p class=\" wall-content\">\u00ab\u2009Et puis bien s\u00fbr, il y a Sydney\u2009: voir l\u2019Op\u00e9ra et le Harbour Bridge en vrai, c\u2019est magnifique, presque irr\u00e9el. Je n\u2019ai pas eu le temps de visiter tout le pays. Mais ce que je retiens, c\u2019est la mentalit\u00e9 des Australiens. Une bienveillance, un c\u00f4t\u00e9 good vibes only, sans prise de t\u00eate.\u2009\u00bb<\/p>\n<p class=\" wall-content\">Marine Gilbert repart le 29\u00a0ao\u00fbt pour le Vietnam, pour vivre <b>une exp\u00e9rience humanitaire.<\/b><\/p>\n<p class=\" wall-content\">Elle va donner des cours d\u2019anglais dans un petit village, en immersion totale. Elle ne sait pas ce qu\u2019elle fera ensuite.<\/p>\n<p>Adaptation au rythme local<\/p>\n<p class=\" wall-content\">\u00ab\u2009C\u2019est justement ce que je trouve beau dans ce type de voyages. C\u2019est la diff\u00e9rence avec les vacances. On vit dans le pays, <b>on s\u2019adapte au rythme local.<\/b> On peut faire des pauses, prendre le temps. C\u2019est beaucoup plus apaisant et enrichissant.\u2009\u00bb<\/p>\n<p class=\" wall-content\">Marine a-t-elle un conseil pour ceux qui h\u00e9sitent \u00e0 partir\u2009? \u00ab<b>\u2009Foncez\u2009<\/b>! Et m\u00eame, partez seul, si vous le pouvez. C\u2019est en \u00e9tant loin, sans rep\u00e8res, qu\u2019on apprend le plus sur soi. C\u2019est incroyablement formateur. Il ne faut pas attendre le \u00ab\u2009bon moment, ni penser qu\u2019il faut forc\u00e9ment beaucoup d\u2019argent.\u2009\u00bb<\/p>\n<p class=\" wall-content\">Et surtout, garder en t\u00eate que, \u00ab\u2009s\u2019il y a un probl\u00e8me, il y a toujours une solution\u2009\u00bb.<\/p>\n<p>Instagram : @marine_explore_<\/p>\n<p class=\" wall-content\">Suivez toute l\u2019actualit\u00e9 de vos villes et m\u00e9dias favoris en vous inscrivant \u00e0 <a href=\"https:\/\/moncompte.actu.fr\" title=\"D\u00e9couvez Mon Actu\" rel=\"nofollow noopener\" data-trk=\"{&quot;cta&quot;:{&quot;action&quot;:&quot;https:\\\/\\\/moncompte.actu.fr&quot;,&quot;category&quot;:&quot;mon compte&quot;,&quot;from&quot;:&quot;article footer&quot;,&quot;name&quot;:&quot;Mon actu&quot;,&quot;type&quot;:&quot;cta&quot;}}\" target=\"_blank\">Mon Actu<\/a>.<\/p>\n<p>                    <script async src=\"\/\/www.instagram.com\/embed.js\"><\/script><\/p>\n","protected":false},"excerpt":{"rendered":"Par R\u00e9daction Vitr\u00e9 Publi\u00e9 le 12 ao\u00fbt 2025 \u00e0 17h45 Professeure des \u00e9coles depuis sept ans, Marine Gilbert&hellip;\n","protected":false},"author":2,"featured_media":314291,"comment_status":"","ping_status":"","sticky":false,"template":"","format":"standard","meta":{"footnotes":""},"categories":[2821],"tags":[1111,11,829,1777,674,1011,27,10264,12,584,25,104,586],"class_list":{"0":"post-314290","1":"post","2":"type-post","3":"status-publish","4":"format-standard","5":"has-post-thumbnail","7":"category-rennes","8":"tag-actu","9":"tag-actualites","10":"tag-bretagne","11":"tag-eu","12":"tag-europe","13":"tag-fr","14":"tag-france","15":"tag-humanitaire","16":"tag-news","17":"tag-rennes","18":"tag-republique-francaise","19":"tag-societe","20":"tag-voyage"},"share_on_mastodon":{"url":"https:\/\/pubeurope.com\/@fr\/115016718796193296","error":""},"_links":{"self":[{"href":"https:\/\/www.europesays.com\/fr\/wp-json\/wp\/v2\/posts\/314290","targetHints":{"allow":["GET"]}}],"collection":[{"href":"https:\/\/www.europesays.com\/fr\/wp-json\/wp\/v2\/posts"}],"about":[{"href":"https:\/\/www.europesays.com\/fr\/wp-json\/wp\/v2\/types\/post"}],"author":[{"embeddable":true,"href":"https:\/\/www.europesays.com\/fr\/wp-json\/wp\/v2\/users\/2"}],"replies":[{"embeddable":true,"href":"https:\/\/www.europesays.com\/fr\/wp-json\/wp\/v2\/comments?post=314290"}],"version-history":[{"count":0,"href":"https:\/\/www.europesays.com\/fr\/wp-json\/wp\/v2\/posts\/314290\/revisions"}],"wp:featuredmedia":[{"embeddable":true,"href":"https:\/\/www.europesays.com\/fr\/wp-json\/wp\/v2\/media\/314291"}],"wp:attachment":[{"href":"https:\/\/www.europesays.com\/fr\/wp-json\/wp\/v2\/media?parent=314290"}],"wp:term":[{"taxonomy":"category","embeddable":true,"href":"https:\/\/www.europesays.com\/fr\/wp-json\/wp\/v2\/categories?post=314290"},{"taxonomy":"post_tag","embeddable":true,"href":"https:\/\/www.europesays.com\/fr\/wp-json\/wp\/v2\/tags?post=314290"}],"curies":[{"name":"wp","href":"https:\/\/api.w.org\/{rel}","templated":true}]}}