{"id":314302,"date":"2025-08-12T16:28:21","date_gmt":"2025-08-12T16:28:21","guid":{"rendered":"https:\/\/www.europesays.com\/fr\/314302\/"},"modified":"2025-08-12T16:28:21","modified_gmt":"2025-08-12T16:28:21","slug":"pres-de-nantes-un-chauffard-tente-decraser-des-policiers-lors-dune-course-poursuite","status":"publish","type":"post","link":"https:\/\/www.europesays.com\/fr\/314302\/","title":{"rendered":"pr\u00e8s de Nantes, un chauffard tente d\u2019\u00e9craser des policiers lors d\u2019une course-poursuite"},"content":{"rendered":"<p>Le conducteur d\u2019une camionnette a \u00e9t\u00e9 mis en examen pour tentative de meurtre apr\u00e8s une course-poursuite survenue samedi soir \u00e0 Rez\u00e9. Un v\u00e9hicule de police a notamment \u00e9t\u00e9 \u00e9cras\u00e9.<\/p>\n<p class=\"fig-paragraph\">Un refus d\u2019obtemp\u00e9rer d\u2019une violence inou\u00efe s\u2019est d\u00e9roul\u00e9 pr\u00e8s de\u00a0<a href=\"http:\/\/www.lefigaro.fr\/nantes\/pres-de-nantes-un-motard-recidiviste-flashe-a-211-km-h-sur-une-route-departementale-20250812\" target=\"_blank\" data-fig-type=\"NewsFlash\" rel=\"noopener nofollow\" data-gtm-custom-categorie=\"navigation\" data-gtm-custom-action=\"crossclick\" data-gtm-custom-label=\"Contextuel\" data-gtm-event=\"customEventSPE\" data-fig-domain=\"LEFIGARO\">Nantes<\/a>\u00a0samedi soir. \u00abOn est pass\u00e9 pr\u00e8s du drame. On a failli avoir des coll\u00e8gues tu\u00e9s\u00bb, confie une source proche du dossier. Les photos de voitures caboss\u00e9es et hors service publi\u00e9es sur X par la police nationale de\u00a0<a href=\"http:\/\/www.lefigaro.fr\/nantes\/fonds-de-caisse-voles-maisons-visitees-a-nantes-la-police-mobilisee-face-a-la-hausse-estivale-des-cambriolages-20250807\" target=\"_blank\" data-fig-type=\"NewsFlash\" rel=\"noopener nofollow\" data-gtm-custom-categorie=\"navigation\" data-gtm-custom-action=\"crossclick\" data-gtm-custom-label=\"Contextuel\" data-gtm-event=\"customEventSPE\" data-fig-domain=\"LEFIGARO\">Loire-Atlantique<\/a>\u00a0t\u00e9moignent de la brutalit\u00e9 de cette\u00a0<a href=\"http:\/\/www.lefigaro.fr\/faits-divers\/essonne-un-adolescent-meurt-dans-une-course-poursuite-avec-la-police-20250809\" target=\"_blank\" data-fig-type=\"NewsFlash\" rel=\"noopener nofollow\" data-gtm-custom-categorie=\"navigation\" data-gtm-custom-action=\"crossclick\" data-gtm-custom-label=\"Contextuel\" data-gtm-event=\"customEventSPE\" data-fig-domain=\"LEFIGARO\">course-poursuite<\/a>. Tout comme l\u2019incarc\u00e9ration provisoire du chauffeur mis en cause.<\/p>\n<p class=\"fig-paragraph\">Mardi, le procureur de la r\u00e9publique de Nantes, Antoine Leroy, a salu\u00e9 la r\u00e9activit\u00e9 des fonctionnaires \u00abqui ont fait l\u2019objet d\u2019actes de violence d\u2019une particuli\u00e8re gravit\u00e9, par v\u00e9hicule interpos\u00e9, et dont les cons\u00e9quences humaines auraient pu \u00eatre irr\u00e9m\u00e9diables s\u2019ils n\u2019avaient eu les r\u00e9flexes de protection appropri\u00e9s \u00e0 la situation\u00bb. Dans un communiqu\u00e9, il est \u00e9galement revenu sur le d\u00e9roul\u00e9 de la sc\u00e8ne.<\/p>\n<p>                                    <a class=\"fig-a11y-skip a11y-hidden\" href=\"#fig-a11y-skip-main-inarticle\"><br \/>\n        Passer la publicit\u00e9<br \/>\n    <\/a><\/p>\n<p>Camionnette Renault Master<\/p>\n<p class=\"fig-paragraph\">Tout a commenc\u00e9 vers 23h samedi 9 ao\u00fbt. Apr\u00e8s des coups de feu survenus \u00e0 Nantes,\u00a0<a href=\"http:\/\/www.lefigaro.fr\/nantes\/nantes-un-blesse-par-balle-et-trois-interpellations-apres-des-coups-de-feu-tires-en-fin-de-matinee-20250811\" target=\"_blank\" data-fig-type=\"NewsFlash\" rel=\"noopener nofollow\" data-gtm-custom-categorie=\"navigation\" data-gtm-custom-action=\"crossclick\" data-gtm-custom-label=\"Contextuel\" data-gtm-event=\"customEventSPE\" data-fig-domain=\"LEFIGARO\">quartier Pirmil<\/a>, les policiers se sont pr\u00e9cipit\u00e9s \u00e0\u00a0<a href=\"http:\/\/www.lefigaro.fr\/nantes\/symbole-d-une-epoque-ou-la-voiture-etait-reine-l-autopont-de-reze-porte-d-entree-de-nantes-a-ete-demoli-20250408\" target=\"_blank\" data-fig-type=\"NewsFlash\" rel=\"noopener nofollow\" data-gtm-custom-categorie=\"navigation\" data-gtm-custom-action=\"crossclick\" data-gtm-custom-label=\"Contextuel\" data-gtm-event=\"customEventSPE\" data-fig-domain=\"LEFIGARO\">Rez\u00e9<\/a>, quartier du Ch\u00e2teau, dans l\u2019espoir d\u2019intercepter deux hommes circulant sur un deux-roues, potentiellement impliqu\u00e9s dans les tirs. Mais \u00e0 leur arriv\u00e9e, un \u00abgroupe d\u2019une quinzaine d\u2019individus\u00bb les a emp\u00each\u00e9s d\u2019intervenir, raconte le magistrat. Des voitures de police ont alors \u00e9t\u00e9 prises en \u00e9tau par deux v\u00e9hicules, dont une camionnette Renault Master particuli\u00e8rement virulente.<\/p>\n<p class=\"fig-paragraph\">Son chauffeur a percut\u00e9 une premi\u00e8re voiture de police. Poursuivi par une deuxi\u00e8me, le conducteur s\u2019est arr\u00eat\u00e9 brusquement, a recul\u00e9 et est \u00abmont\u00e9 en marche arri\u00e8re sur le parechoc et a \u00e9cras\u00e9 le v\u00e9hicule de police, pour, finalement, essayer de percuter un policier \u00e0 pied qui n\u2019avait que le temps de sauter dans son v\u00e9hicule de service\u00bb. Le fuyard a pu finalement \u00eatre stopp\u00e9 gr\u00e2ce \u00e0 une herse.<\/p>\n<blockquote class=\"fig-quote&#10;    \">\n<p class=\"fig-quote__text\">Il a \u00e9cras\u00e9 le v\u00e9hicule de police, pour, finalement, essayer de percuter un policier \u00e0 pied<\/p>\n<p>            Antoine Leroy, procureur de la r\u00e9publique de Nantes\n    <\/p><\/blockquote>\n<p class=\"fig-paragraph\">\u00c0 son arriv\u00e9e au commissariat, le suspect, Nantais de 36 ans, ne s\u2019est pas arr\u00eat\u00e9 l\u00e0\u00a0: il a invectiv\u00e9 l\u2019un des policiers pr\u00e9sents sur les lieux de l\u2019incident. En garde \u00e0 vue, il a reconnu les faits mais a ni\u00e9 \u00abavoir voulu volontairement attenter \u00e0 la vie des fonctionnaires de police\u00bb. Le parquet les a tout de m\u00eame qualifi\u00e9s de tentative de meurtre, en raison des tentatives r\u00e9p\u00e9t\u00e9es de l\u2019auteur de percuter et pousser contre un mur trois v\u00e9hicules de police.<\/p>\n<p class=\"fig-paragraph\">En outre, d\u2019autres infractions ont \u00e9t\u00e9 retenues, \u00e0 savoir la d\u00e9gradation de biens publics, un refus d\u2019obtemp\u00e9rer exposant autrui \u00e0 un risque de mort ou d\u2019infirmit\u00e9 permanente et la conduite d\u2019un v\u00e9hicule sous l\u2019empire d\u2019alcool et de produits stup\u00e9fiants. De la r\u00e9sine de cannabis et de la coca\u00efne ont \u00e9t\u00e9 retrouv\u00e9es sur le mis en cause d\u00e9j\u00e0 condamn\u00e9 par le pass\u00e9. En l\u2019envoyant en d\u00e9tention provisoire criminelle, le juge a suivi la r\u00e9quisition du parquet. D\u00e9sormais, l\u2019enqu\u00eate se poursuit \u00absous l\u2019autorit\u00e9 du magistrat instructeur et sur commission rogatoire\u00bb.<\/p>\n","protected":false},"excerpt":{"rendered":"Le conducteur d\u2019une camionnette a \u00e9t\u00e9 mis en examen pour tentative de meurtre apr\u00e8s une course-poursuite survenue samedi&hellip;\n","protected":false},"author":2,"featured_media":314303,"comment_status":"","ping_status":"","sticky":false,"template":"","format":"standard","meta":{"footnotes":""},"categories":[2818],"tags":[1111,11,1777,674,1011,27,766,12,2636,1072,2852,25],"class_list":{"0":"post-314302","1":"post","2":"type-post","3":"status-publish","4":"format-standard","5":"has-post-thumbnail","7":"category-nantes","8":"tag-actu","9":"tag-actualites","10":"tag-eu","11":"tag-europe","12":"tag-fr","13":"tag-france","14":"tag-nantes","15":"tag-news","16":"tag-pays-de-la-loire","17":"tag-police","18":"tag-refus-dobtemperer","19":"tag-republique-francaise"},"share_on_mastodon":{"url":"https:\/\/pubeurope.com\/@fr\/115016741996360188","error":""},"_links":{"self":[{"href":"https:\/\/www.europesays.com\/fr\/wp-json\/wp\/v2\/posts\/314302","targetHints":{"allow":["GET"]}}],"collection":[{"href":"https:\/\/www.europesays.com\/fr\/wp-json\/wp\/v2\/posts"}],"about":[{"href":"https:\/\/www.europesays.com\/fr\/wp-json\/wp\/v2\/types\/post"}],"author":[{"embeddable":true,"href":"https:\/\/www.europesays.com\/fr\/wp-json\/wp\/v2\/users\/2"}],"replies":[{"embeddable":true,"href":"https:\/\/www.europesays.com\/fr\/wp-json\/wp\/v2\/comments?post=314302"}],"version-history":[{"count":0,"href":"https:\/\/www.europesays.com\/fr\/wp-json\/wp\/v2\/posts\/314302\/revisions"}],"wp:featuredmedia":[{"embeddable":true,"href":"https:\/\/www.europesays.com\/fr\/wp-json\/wp\/v2\/media\/314303"}],"wp:attachment":[{"href":"https:\/\/www.europesays.com\/fr\/wp-json\/wp\/v2\/media?parent=314302"}],"wp:term":[{"taxonomy":"category","embeddable":true,"href":"https:\/\/www.europesays.com\/fr\/wp-json\/wp\/v2\/categories?post=314302"},{"taxonomy":"post_tag","embeddable":true,"href":"https:\/\/www.europesays.com\/fr\/wp-json\/wp\/v2\/tags?post=314302"}],"curies":[{"name":"wp","href":"https:\/\/api.w.org\/{rel}","templated":true}]}}