{"id":314314,"date":"2025-08-12T16:34:10","date_gmt":"2025-08-12T16:34:10","guid":{"rendered":"https:\/\/www.europesays.com\/fr\/314314\/"},"modified":"2025-08-12T16:34:10","modified_gmt":"2025-08-12T16:34:10","slug":"les-orages-de-retour-a-lille-valenciennes-arras-le-nord-et-le-pas-de-calais-en-vigilance-orages-mercredi","status":"publish","type":"post","link":"https:\/\/www.europesays.com\/fr\/314314\/","title":{"rendered":"Les orages de retour \u00e0 Lille, Valenciennes, Arras\u2026 Le Nord et le Pas-de-Calais en vigilance orages mercredi"},"content":{"rendered":"<p>            Par<br \/>\n        <strong><br \/>\n            <a href=\"https:\/\/actu.fr\/auteur\/raphael-mahlmann\" title=\"Consulter tous les articles de Rapha\u00ebl Mahlmann\" target=\"_blank\" rel=\"noopener\">Rapha\u00ebl Mahlmann<\/a><br \/>\n        <\/strong><\/p>\n<p>        Publi\u00e9 le<\/p>\n<p>            12 ao\u00fbt 2025 \u00e0 18h00        <\/p>\n<p>Alors que la r\u00e9gion est en vigilance<a href=\"https:\/\/actu.fr\/societe\/le-nord-pas-de-calais-en-vigilance-canicule-attention-au-coup-de-chaud_63024087.html\" target=\"_blank\" rel=\"noopener\"> canicule<\/a>, comme une large partie de la France, les <b>fortes chaleurs<\/b> am\u00e8nent leurs premiers <b>orages<\/b>. L\u2019ensemble de la r\u00e9gion Hauts-de-France est plac\u00e9 vigilance jaune pour les orages ce mercredi 13 ao\u00fbt 2025, indique <b>M\u00e9t\u00e9o France<\/b>. Les premiers orages devraient appara\u00eetre <b>aux alentours de 15h<\/b>. Voici ce qu\u2019il vous attend.<\/p>\n<p>Des orages \u00e0 Lille, Valenciennes, Arras\u2026<\/p>\n<p class=\" wall-content\">D\u00e8s 15h, les premiers orages vont toucher le Nord, le Pas-de-Calais, la Somme, l\u2019Aisne et l\u2019Oise. Ce risque d\u2019orage concerne notamment Lille, Valenciennes, Avesnes-sur-Helpe, Arras, Saint-Pol-sur-Ternoise, Amiens, Saint-Quentin et d\u2019autres communes de la r\u00e9gion. Pour le moment, <b>le littoral semble \u00eatre \u00e9pargn\u00e9<\/b>, selon les derni\u00e8res pr\u00e9visions de M\u00e9t\u00e9o France. Les temp\u00e9ratures devraient rester aussi \u00e9lev\u00e9es que la veille.<\/p>\n<p>Entre 32 et 36\u00b0C<\/p>\n<p class=\" wall-content\">Mardi, les temp\u00e9ratures maximales ont oscill\u00e9 entre<b> 32 et 36\u00a0\u00b0C <\/b>dans les terres, et entre 30 et 32\u00b0C au niveau des c\u00f4tes du Pas-de-Calais et de la Somme. Mercredi, des temp\u00e9ratures maximales tr\u00e8s \u00e9lev\u00e9es, assez proches de celles de la veille, sont attendues entre l\u2019ouest et l\u2019est de la r\u00e9gion. \u00ab\u2009Ce sera plus h\u00e9t\u00e9rog\u00e8ne au niveau des c\u00f4tes o\u00f9 les temp\u00e9ratures maximales seront en baisse avec 26 \u00e0 32\u00b0C attendus\u2009\u00bb, pr\u00e9cise M\u00e9t\u00e9o France. La nuit de mercredi \u00e0 jeudi devrait \u00eatre la nuit la plus chaude, avec g\u00e9n\u00e9ralement de 17 \u00e0 21\u00a0\u00b0C sur l\u2019ensemble des Hauts-de-France.<\/p>\n<p class=\" wall-content\">Suivez toute l\u2019actualit\u00e9 de vos villes et m\u00e9dias favoris en vous inscrivant \u00e0 <a href=\"https:\/\/moncompte.actu.fr\" title=\"D\u00e9couvez Mon Actu\" rel=\"nofollow noopener\" data-trk=\"{&quot;cta&quot;:{&quot;action&quot;:&quot;https:\\\/\\\/moncompte.actu.fr&quot;,&quot;category&quot;:&quot;mon compte&quot;,&quot;from&quot;:&quot;article footer&quot;,&quot;name&quot;:&quot;Mon actu&quot;,&quot;type&quot;:&quot;cta&quot;}}\" target=\"_blank\">Mon Actu<\/a>.<\/p>\n","protected":false},"excerpt":{"rendered":"Par Rapha\u00ebl Mahlmann Publi\u00e9 le 12 ao\u00fbt 2025 \u00e0 18h00 Alors que la r\u00e9gion est en vigilance canicule,&hellip;\n","protected":false},"author":2,"featured_media":314315,"comment_status":"","ping_status":"","sticky":false,"template":"","format":"standard","meta":{"footnotes":""},"categories":[2815],"tags":[1111,11,6698,1777,674,1011,27,811,1307,2357,12,4594,25,104],"class_list":{"0":"post-314314","1":"post","2":"type-post","3":"status-publish","4":"format-standard","5":"has-post-thumbnail","7":"category-lille","8":"tag-actu","9":"tag-actualites","10":"tag-canicule","11":"tag-eu","12":"tag-europe","13":"tag-fr","14":"tag-france","15":"tag-hauts-de-france","16":"tag-lille","17":"tag-meteo-france","18":"tag-news","19":"tag-orages","20":"tag-republique-francaise","21":"tag-societe"},"share_on_mastodon":{"url":"https:\/\/pubeurope.com\/@fr\/115016765539206943","error":""},"_links":{"self":[{"href":"https:\/\/www.europesays.com\/fr\/wp-json\/wp\/v2\/posts\/314314","targetHints":{"allow":["GET"]}}],"collection":[{"href":"https:\/\/www.europesays.com\/fr\/wp-json\/wp\/v2\/posts"}],"about":[{"href":"https:\/\/www.europesays.com\/fr\/wp-json\/wp\/v2\/types\/post"}],"author":[{"embeddable":true,"href":"https:\/\/www.europesays.com\/fr\/wp-json\/wp\/v2\/users\/2"}],"replies":[{"embeddable":true,"href":"https:\/\/www.europesays.com\/fr\/wp-json\/wp\/v2\/comments?post=314314"}],"version-history":[{"count":0,"href":"https:\/\/www.europesays.com\/fr\/wp-json\/wp\/v2\/posts\/314314\/revisions"}],"wp:featuredmedia":[{"embeddable":true,"href":"https:\/\/www.europesays.com\/fr\/wp-json\/wp\/v2\/media\/314315"}],"wp:attachment":[{"href":"https:\/\/www.europesays.com\/fr\/wp-json\/wp\/v2\/media?parent=314314"}],"wp:term":[{"taxonomy":"category","embeddable":true,"href":"https:\/\/www.europesays.com\/fr\/wp-json\/wp\/v2\/categories?post=314314"},{"taxonomy":"post_tag","embeddable":true,"href":"https:\/\/www.europesays.com\/fr\/wp-json\/wp\/v2\/tags?post=314314"}],"curies":[{"name":"wp","href":"https:\/\/api.w.org\/{rel}","templated":true}]}}