{"id":314318,"date":"2025-08-12T16:36:20","date_gmt":"2025-08-12T16:36:20","guid":{"rendered":"https:\/\/www.europesays.com\/fr\/314318\/"},"modified":"2025-08-12T16:36:20","modified_gmt":"2025-08-12T16:36:20","slug":"nawell-tout-court-13-01-2026-marseille","status":"publish","type":"post","link":"https:\/\/www.europesays.com\/fr\/314318\/","title":{"rendered":"Nawell tout court &#8211; 13\/01\/2026 &#8211; Marseille"},"content":{"rendered":"<p>Elle est de retour avec la langue toujours aussi bien pendue. Apr\u00e8s six ans d\u2019absence, Nawell Madani revient sur sc\u00e8ne pour y raconter sa vie, tout court et sans d\u00e9tour. F\u00e9roce.<\/p>\n<p>En six ans, Nawell Madani n\u2019a pas molli. Elle a \u00e9crit, r\u00e9alis\u00e9 et produit la s\u00e9rie Jusqu\u2019ici tout va bien qui cartonne sur Netflix, jou\u00e9 dans des films, fait un voyage express en Mongolie, donn\u00e9 naissance \u00e0 sa fille Lou et s\u2019est coup\u00e9 les cheveux\u2026\u00a0Tout court. \u00c0 44 ans, la com\u00e9dienne \u00ab belge, rebeu et musulmane 2.0 \u00bb a d\u00e9cid\u00e9 de faire un point sur sa vie et sur le temps qui passe. De son lifting \u00e0 son embrouille avec Rihanna aux Oscars, de son Rendez-vous en terre inconnue \u00e0 ses difficult\u00e9s \u00e0 devenir m\u00e8re, le verbe n\u2019a rien perdu de son punch. Il frappe l\u00e0 o\u00f9 \u00e7a touche et l\u00e0 o\u00f9 \u00e7a rigole. Direct et sans pincettes.<\/p>\n<p>De et avec\u00a0Nawell Madani<\/p>\n<p>&gt;Infos\/billetterie en ligne :\u00a0<a href=\"https:\/\/www.lestheatres.net\/\" target=\"_blank\" rel=\"nofollow noopener\">www.lestheatres.net<\/a><\/p>\n","protected":false},"excerpt":{"rendered":"Elle est de retour avec la langue toujours aussi bien pendue. Apr\u00e8s six ans d\u2019absence, Nawell Madani revient&hellip;\n","protected":false},"author":2,"featured_media":314319,"comment_status":"","ping_status":"","sticky":false,"template":"","format":"standard","meta":{"footnotes":""},"categories":[2814],"tags":[1111,11,1777,674,1011,27,884,12,882,25],"class_list":{"0":"post-314318","1":"post","2":"type-post","3":"status-publish","4":"format-standard","5":"has-post-thumbnail","7":"category-marseille","8":"tag-actu","9":"tag-actualites","10":"tag-eu","11":"tag-europe","12":"tag-fr","13":"tag-france","14":"tag-marseille","15":"tag-news","16":"tag-provence-alpes-cote-dazur","17":"tag-republique-francaise"},"share_on_mastodon":{"url":"https:\/\/pubeurope.com\/@fr\/115016773492619996","error":""},"_links":{"self":[{"href":"https:\/\/www.europesays.com\/fr\/wp-json\/wp\/v2\/posts\/314318","targetHints":{"allow":["GET"]}}],"collection":[{"href":"https:\/\/www.europesays.com\/fr\/wp-json\/wp\/v2\/posts"}],"about":[{"href":"https:\/\/www.europesays.com\/fr\/wp-json\/wp\/v2\/types\/post"}],"author":[{"embeddable":true,"href":"https:\/\/www.europesays.com\/fr\/wp-json\/wp\/v2\/users\/2"}],"replies":[{"embeddable":true,"href":"https:\/\/www.europesays.com\/fr\/wp-json\/wp\/v2\/comments?post=314318"}],"version-history":[{"count":0,"href":"https:\/\/www.europesays.com\/fr\/wp-json\/wp\/v2\/posts\/314318\/revisions"}],"wp:featuredmedia":[{"embeddable":true,"href":"https:\/\/www.europesays.com\/fr\/wp-json\/wp\/v2\/media\/314319"}],"wp:attachment":[{"href":"https:\/\/www.europesays.com\/fr\/wp-json\/wp\/v2\/media?parent=314318"}],"wp:term":[{"taxonomy":"category","embeddable":true,"href":"https:\/\/www.europesays.com\/fr\/wp-json\/wp\/v2\/categories?post=314318"},{"taxonomy":"post_tag","embeddable":true,"href":"https:\/\/www.europesays.com\/fr\/wp-json\/wp\/v2\/tags?post=314318"}],"curies":[{"name":"wp","href":"https:\/\/api.w.org\/{rel}","templated":true}]}}