{"id":314322,"date":"2025-08-12T16:38:11","date_gmt":"2025-08-12T16:38:11","guid":{"rendered":"https:\/\/www.europesays.com\/fr\/314322\/"},"modified":"2025-08-12T16:38:11","modified_gmt":"2025-08-12T16:38:11","slug":"a-200km-h-sur-lautoroute-ladolescent-parti-de-vaulx-en-velin-voulait-aller-se-baigner-en-savoie","status":"publish","type":"post","link":"https:\/\/www.europesays.com\/fr\/314322\/","title":{"rendered":"A 200km\/h sur l&rsquo;autoroute, l&rsquo;adolescent parti de Vaulx-en-Velin voulait aller se baigner en Savoie"},"content":{"rendered":"<p itemprop=\"description\"><strong>Ce lundi matin, ce jeune habitant de Vaulx-en-Velin avait senti arriver la canicule.<\/strong><\/p>\n<p>Il a eu envie de rallier la Savoie et le lac d&rsquo;Aiguebelette pour se baigner et se fra\u00eechir.<\/p>\n<p>Mais \u00e0 16 ans, difficile de trouver des solutions pour faire un tel voyage. Le Vaudais a donc choisi la solution de l&rsquo;ill\u00e9galit\u00e9 puisqu&rsquo;il a emprunt\u00e9 une voiture dont l&rsquo;origine n&rsquo;a pas \u00e9t\u00e9 communiqu\u00e9e, et a ensuite pris la route.<br \/>Et il ne s&rsquo;est pas content\u00e9 de prendre le volant alors qu&rsquo;il n&rsquo;est pas encore titulaire du permis de conduire, il a \u00e9galement r\u00e9alis\u00e9 de grands exc\u00e8s de vitesse.<\/p>\n<p>Sur l&rsquo;A43 \u00e0 hauteur de Saint-Quentin-Fallavier, les gendarmes l&rsquo;ont rep\u00e9r\u00e9 \u00e0 198km\/h au lieu de 130 !<\/p>\n<p>L&rsquo;adolescent a \u00e9t\u00e9 interpell\u00e9 et plac\u00e9 en garde \u00e0 vue, tandis que son v\u00e9hicule \u00e9tait saisi. Loin de se d\u00e9monter, il a expliqu\u00e9 aux militaires qu&rsquo;il \u00e9tait press\u00e9 parce qu&rsquo;il avait chaud et qu&rsquo;il pensait avoir le droit de rouler car il \u00e9tait en train de r\u00e9aliser la conduite accompagn\u00e9e.<\/p>\n<p>Reconduit \u00e0 Vaulx-en-Velin, il sera jug\u00e9 en octobre prochain.<\/p>\n","protected":false},"excerpt":{"rendered":"Ce lundi matin, ce jeune habitant de Vaulx-en-Velin avait senti arriver la canicule. Il a eu envie de&hellip;\n","protected":false},"author":2,"featured_media":314323,"comment_status":"","ping_status":"","sticky":false,"template":"","format":"standard","meta":{"footnotes":""},"categories":[1889],"tags":[1111,11,2813,2190,2430,1109,251,1112,2811,1777,674,118,1011,27,1922,1110,1114,2428,2810,12,241,316,25,2812,517,800],"class_list":{"0":"post-314322","1":"post","2":"type-post","3":"status-publish","4":"format-standard","5":"has-post-thumbnail","7":"category-lyon","8":"tag-actu","9":"tag-actualites","10":"tag-article","11":"tag-asvel","12":"tag-auvergne-rhone-alpes","13":"tag-breves","14":"tag-culture","15":"tag-depeches","16":"tag-economique","17":"tag-eu","18":"tag-europe","19":"tag-faits-divers","20":"tag-fr","21":"tag-france","22":"tag-info","23":"tag-informations","24":"tag-infos","25":"tag-lyon","26":"tag-lyonmag","27":"tag-news","28":"tag-ol","29":"tag-politique","30":"tag-republique-francaise","31":"tag-sociale","32":"tag-sport","33":"tag-transports"},"share_on_mastodon":{"url":"https:\/\/pubeurope.com\/@fr\/115016781376055396","error":""},"_links":{"self":[{"href":"https:\/\/www.europesays.com\/fr\/wp-json\/wp\/v2\/posts\/314322","targetHints":{"allow":["GET"]}}],"collection":[{"href":"https:\/\/www.europesays.com\/fr\/wp-json\/wp\/v2\/posts"}],"about":[{"href":"https:\/\/www.europesays.com\/fr\/wp-json\/wp\/v2\/types\/post"}],"author":[{"embeddable":true,"href":"https:\/\/www.europesays.com\/fr\/wp-json\/wp\/v2\/users\/2"}],"replies":[{"embeddable":true,"href":"https:\/\/www.europesays.com\/fr\/wp-json\/wp\/v2\/comments?post=314322"}],"version-history":[{"count":0,"href":"https:\/\/www.europesays.com\/fr\/wp-json\/wp\/v2\/posts\/314322\/revisions"}],"wp:featuredmedia":[{"embeddable":true,"href":"https:\/\/www.europesays.com\/fr\/wp-json\/wp\/v2\/media\/314323"}],"wp:attachment":[{"href":"https:\/\/www.europesays.com\/fr\/wp-json\/wp\/v2\/media?parent=314322"}],"wp:term":[{"taxonomy":"category","embeddable":true,"href":"https:\/\/www.europesays.com\/fr\/wp-json\/wp\/v2\/categories?post=314322"},{"taxonomy":"post_tag","embeddable":true,"href":"https:\/\/www.europesays.com\/fr\/wp-json\/wp\/v2\/tags?post=314322"}],"curies":[{"name":"wp","href":"https:\/\/api.w.org\/{rel}","templated":true}]}}