{"id":314324,"date":"2025-08-12T16:39:13","date_gmt":"2025-08-12T16:39:13","guid":{"rendered":"https:\/\/www.europesays.com\/fr\/314324\/"},"modified":"2025-08-12T16:39:13","modified_gmt":"2025-08-12T16:39:13","slug":"metropole-de-lyon-en-pleine-canicule-la-piscine-decully-contrainte-de-fermer-ses-bassins-pour-probleme-technique","status":"publish","type":"post","link":"https:\/\/www.europesays.com\/fr\/314324\/","title":{"rendered":"M\u00e9tropole de Lyon. En pleine canicule, la piscine d\u2019\u00c9cully contrainte de fermer ses bassins pour probl\u00e8me technique"},"content":{"rendered":"<p>Alors que la canicule bat son plein et que les temp\u00e9ratures d\u00e9passent les 40\u00b0C dans l\u2019agglom\u00e9ration lyonnaise, les habitants d\u2019\u00c9cully devront se passer, pour quelques jours encore, de leur piscine municipale. Depuis le d\u00e9but de la semaine du 11\u00a0ao\u00fbt, l\u2019\u00e9tablissement est ferm\u00e9 pour cause de probl\u00e8me technique.<\/p>\n<p>Sur le panneau \u00e0 l\u2019entr\u00e9e, la mention \u00ab\u00a0fermeture pour probl\u00e8me technique\u00a0\u00bb est&#8230;<\/p>\n","protected":false},"excerpt":{"rendered":"Alors que la canicule bat son plein et que les temp\u00e9ratures d\u00e9passent les 40\u00b0C dans l\u2019agglom\u00e9ration lyonnaise, les&hellip;\n","protected":false},"author":2,"featured_media":314325,"comment_status":"","ping_status":"","sticky":false,"template":"","format":"standard","meta":{"footnotes":""},"categories":[1889],"tags":[1111,11,2430,33,8451,8452,3153,1777,674,274,1011,27,2428,12,25,2429],"class_list":{"0":"post-314324","1":"post","2":"type-post","3":"status-publish","4":"format-standard","5":"has-post-thumbnail","7":"category-lyon","8":"tag-actu","9":"tag-actualites","10":"tag-auvergne-rhone-alpes","11":"tag-economie","12":"tag-ecully","13":"tag-ecully-bassin","14":"tag-edition-ouest-lyonnais","15":"tag-eu","16":"tag-europe","17":"tag-faits-divers-justice","18":"tag-fr","19":"tag-france","20":"tag-lyon","21":"tag-news","22":"tag-republique-francaise","23":"tag-rhone"},"share_on_mastodon":{"url":"https:\/\/pubeurope.com\/@fr\/115016785221207320","error":""},"_links":{"self":[{"href":"https:\/\/www.europesays.com\/fr\/wp-json\/wp\/v2\/posts\/314324","targetHints":{"allow":["GET"]}}],"collection":[{"href":"https:\/\/www.europesays.com\/fr\/wp-json\/wp\/v2\/posts"}],"about":[{"href":"https:\/\/www.europesays.com\/fr\/wp-json\/wp\/v2\/types\/post"}],"author":[{"embeddable":true,"href":"https:\/\/www.europesays.com\/fr\/wp-json\/wp\/v2\/users\/2"}],"replies":[{"embeddable":true,"href":"https:\/\/www.europesays.com\/fr\/wp-json\/wp\/v2\/comments?post=314324"}],"version-history":[{"count":0,"href":"https:\/\/www.europesays.com\/fr\/wp-json\/wp\/v2\/posts\/314324\/revisions"}],"wp:featuredmedia":[{"embeddable":true,"href":"https:\/\/www.europesays.com\/fr\/wp-json\/wp\/v2\/media\/314325"}],"wp:attachment":[{"href":"https:\/\/www.europesays.com\/fr\/wp-json\/wp\/v2\/media?parent=314324"}],"wp:term":[{"taxonomy":"category","embeddable":true,"href":"https:\/\/www.europesays.com\/fr\/wp-json\/wp\/v2\/categories?post=314324"},{"taxonomy":"post_tag","embeddable":true,"href":"https:\/\/www.europesays.com\/fr\/wp-json\/wp\/v2\/tags?post=314324"}],"curies":[{"name":"wp","href":"https:\/\/api.w.org\/{rel}","templated":true}]}}