{"id":314329,"date":"2025-08-12T16:42:15","date_gmt":"2025-08-12T16:42:15","guid":{"rendered":"https:\/\/www.europesays.com\/fr\/314329\/"},"modified":"2025-08-12T16:42:15","modified_gmt":"2025-08-12T16:42:15","slug":"la-bourse-de-paris-portee-par-la-perspective-de-baisse-des-taux-aux-etats-unis-12-08-2025-a-1824","status":"publish","type":"post","link":"https:\/\/www.europesays.com\/fr\/314329\/","title":{"rendered":"La Bourse de Paris port\u00e9e par la perspective de baisse des taux aux Etats-Unis &#8211; 12\/08\/2025 \u00e0 18:24"},"content":{"rendered":"<p>        <img fetchpriority=\"high\" decoding=\"async\" src=\"https:\/\/www.europesays.com\/fr\/wp-content\/uploads\/2025\/08\/7a1bf1c4b907ca89a8e5e3ba6219f19a-760x484.jpg\" alt=\"L'ancien si\u00e8ge de la Bourse de Paris, le palais Brongniart, \u00e0 Paris le 24 ao\u00fbt 2015 ( AFP \/ ERIC PIERMONT )\" loading=\"eager\" width=\"760\" height=\"484\" style=\"max-width: 100%!important; height: auto;\"\/><\/p>\n<p class=\"c-image-news__legend\">L&rsquo;ancien si\u00e8ge de la Bourse de Paris, le palais Brongniart, \u00e0 Paris le 24 ao\u00fbt 2015 ( AFP \/ ERIC PIERMONT )<\/p>\n<p>\n La Bourse de Paris a termin\u00e9 en hausse de 0,71% mardi, port\u00e9e par la publication d&rsquo;un indice d&rsquo;inflation aux Etats-Unis qui soutient la perspective de baisses des taux de la banque centrale am\u00e9ricaine (Fed) dans l&rsquo;ann\u00e9e.\n<\/p>\n<p>\n L&rsquo;indice vedette de la Bourse de Paris, le CAC 40, a gagn\u00e9 54,90 points, terminant \u00e0 7.753,42 points. La veille, il avait fini en baisse de 0,57%.\n<\/p>\n<p>\n \u00ab\u00a0Le march\u00e9 a \u00e9t\u00e9 assez rassur\u00e9 par l&rsquo;inflation aux Etats-Unis, qui devrait permettre \u00e0 la banque centrale am\u00e9ricaine de baisser ses taux en septembre, mais aussi en d\u00e9cembre\u00a0\u00bb, commente Philippe Cohen, gestionnaire de portefeuilles chez Kiplink Finance.\n<\/p>\n<p>\n Dans le d\u00e9tail, hors prix volatils de l&rsquo;\u00e9nergie et de l&rsquo;alimentation, l&rsquo;inflation aux Ettas-Unis marque une nette acc\u00e9l\u00e9ration \u00e0 +3,1% en juillet sur un an, ce qui reste toutefois dans la lign\u00e9e des attentes des analystes, selon le consensus publi\u00e9 par MarketWatch.\n<\/p>\n<p>\n Sur un mois, l&rsquo;indice affiche m\u00eame un ralentissement, \u00e0 +0,2% apr\u00e8s +0,3% en juin, l\u00e0 aussi dans la lign\u00e9e des attentes des analystes.\n<\/p>\n<p>\n Surtout, \u00ab\u00a0on ne constate pas d&rsquo;envol\u00e9e des prix aussi importante que ce qui \u00e9tait craint \u00e0 cause des droits de douane. Par d\u00e9duction, cela signifie que les entreprises font un effort pour rogner une partie de leurs marges pour que cela ne se refl\u00e8te pas sur le consommateur\u00a0\u00bb, explique M. Cohen.\n<\/p>\n<p>\n Apr\u00e8s des mois de politique commerciale erratique de l&rsquo;administration Trump aux Etats-Unis, \u00ab\u00a0l&rsquo;inflation reste encore jugul\u00e9e, malgr\u00e9 des droits de douane en moyenne multipli\u00e9 par cinq\u00a0\u00bb, pr\u00e9cise aussi M. Cohen.\n<\/p>\n<p>\n Le laboratoire franco-autrichien Valneva, sp\u00e9cialis\u00e9 dans les vaccins, a grimp\u00e9 de 8,74% \u00e0 3,78 euros, apr\u00e8s avoir fait \u00e9tat mardi d&rsquo;un chiffre d&rsquo;affaires de 97,6 millions d&rsquo;euros contre 70,8 millions d\u2019euros au premier semestre 2024 et confirm\u00e9 ses perspectives 2025 dans un communiqu\u00e9.\n<\/p>\n<p>\n <a href=\"https:\/\/www.boursorama.com\/cours\/1rPENX\/\" rel=\"nofollow noopener\" target=\"_blank\"><br \/>\n  Euronext<br \/>\n <\/a><br \/>\n CAC40<\/p>\n","protected":false},"excerpt":{"rendered":"L&rsquo;ancien si\u00e8ge de la Bourse de Paris, le palais Brongniart, \u00e0 Paris le 24 ao\u00fbt 2015 ( AFP&hellip;\n","protected":false},"author":2,"featured_media":313551,"comment_status":"","ping_status":"","sticky":false,"template":"","format":"standard","meta":{"footnotes":""},"categories":[1888],"tags":[400,1111,1928,11,1927,398,408,405,1777,674,1011,27,403,402,399,404,12,1926,626,1925,25,401,406,407],"class_list":{"0":"post-314329","1":"post","2":"type-post","3":"status-publish","4":"format-standard","5":"has-post-thumbnail","7":"category-paris","8":"tag-action-cac-40","9":"tag-actu","10":"tag-actu-paris","11":"tag-actualites","12":"tag-actualites-paris","13":"tag-bourse-de-paris","14":"tag-boursorama","15":"tag-cotations","16":"tag-eu","17":"tag-europe","18":"tag-fr","19":"tag-france","20":"tag-indices-devises","21":"tag-investir","22":"tag-investissement","23":"tag-marche-boursier","24":"tag-news","25":"tag-news-paris","26":"tag-paris","27":"tag-paris-news","28":"tag-republique-francaise","29":"tag-sicav","30":"tag-trackers","31":"tag-warrants"},"share_on_mastodon":{"url":"https:\/\/pubeurope.com\/@fr\/115016797507435081","error":""},"_links":{"self":[{"href":"https:\/\/www.europesays.com\/fr\/wp-json\/wp\/v2\/posts\/314329","targetHints":{"allow":["GET"]}}],"collection":[{"href":"https:\/\/www.europesays.com\/fr\/wp-json\/wp\/v2\/posts"}],"about":[{"href":"https:\/\/www.europesays.com\/fr\/wp-json\/wp\/v2\/types\/post"}],"author":[{"embeddable":true,"href":"https:\/\/www.europesays.com\/fr\/wp-json\/wp\/v2\/users\/2"}],"replies":[{"embeddable":true,"href":"https:\/\/www.europesays.com\/fr\/wp-json\/wp\/v2\/comments?post=314329"}],"version-history":[{"count":0,"href":"https:\/\/www.europesays.com\/fr\/wp-json\/wp\/v2\/posts\/314329\/revisions"}],"wp:featuredmedia":[{"embeddable":true,"href":"https:\/\/www.europesays.com\/fr\/wp-json\/wp\/v2\/media\/313551"}],"wp:attachment":[{"href":"https:\/\/www.europesays.com\/fr\/wp-json\/wp\/v2\/media?parent=314329"}],"wp:term":[{"taxonomy":"category","embeddable":true,"href":"https:\/\/www.europesays.com\/fr\/wp-json\/wp\/v2\/categories?post=314329"},{"taxonomy":"post_tag","embeddable":true,"href":"https:\/\/www.europesays.com\/fr\/wp-json\/wp\/v2\/tags?post=314329"}],"curies":[{"name":"wp","href":"https:\/\/api.w.org\/{rel}","templated":true}]}}