{"id":314330,"date":"2025-08-12T16:43:18","date_gmt":"2025-08-12T16:43:18","guid":{"rendered":"https:\/\/www.europesays.com\/fr\/314330\/"},"modified":"2025-08-12T16:43:18","modified_gmt":"2025-08-12T16:43:18","slug":"se-baigner-dans-la-seine-quelle-aubaine","status":"publish","type":"post","link":"https:\/\/www.europesays.com\/fr\/314330\/","title":{"rendered":"se baigner dans la Seine, \u00ab\u00a0quelle aubaine !\u00a0\u00bb"},"content":{"rendered":"<p>D&rsquo;habitude, Ghislaine, 66 ans, ne jure que par la mer pour se rafra\u00eechir l&rsquo;\u00e9t\u00e9 en p\u00e9riode de canicule. Mais aujourd&rsquo;hui, de passage \u00e0 Paris o\u00f9 35\u00b0C sont attendus dans l&rsquo;apr\u00e8s-midi, \u00ab\u00a0quelle aubaine !\u00a0\u00bb, se r\u00e9jouit-elle, de pouvoir tout simplement barboter dans la Seine.<\/p>\n<p>Originaires du sud de la France, Ghislaine Roche et son mari se sont dit mardi matin: \u00ab\u00a0C&rsquo;est le moment\u00a0\u00bb. \u00ab\u00a0Il fait tr\u00e8s chaud ici depuis deux jours, et puis, je d\u00e9teste les piscines\u00a0\u00bb, glisse la retrait\u00e9e \u00e0 l&rsquo;AFP apr\u00e8s s&rsquo;\u00eatre baign\u00e9e dans le fleuve face \u00e0 l&rsquo;\u00eele Saint-Louis, au coeur de la capitale.<\/p>\n<p>Au bras Marie, l&rsquo;un des trois espaces parisiens ouverts gratuitement \u00e0 la baignade depuis d\u00e9but juillet, il est 10H00 et il y a foule. Une file d&rsquo;attente commence \u00e0 se dessiner \u00e0 l&rsquo;entr\u00e9e: pas plus de 150 personnes \u00e0 l&rsquo;int\u00e9rieur.<\/p>\n<p>Comme elle, nombreux sont ceux qui ont souhait\u00e9 venir \u00ab\u00a0\u00e0 la fra\u00eeche\u00a0\u00bb, alors que l&rsquo;\u00cele-de-France est en vigilance orange canicule pour la journ\u00e9e. \u00ab\u00a0Je ne supporte plus le soleil de plomb l&rsquo;apr\u00e8s-midi, je n&rsquo;ai plus vingt ans&#8230;\u00a0\u00bb, plaisante la Marseillaise dans son maillot de bain \u00e0 fleurs.<\/p>\n<p>\u00c0 ses pieds, le bassin d&rsquo;eau verd\u00e2tre, sans couloir de nage, fait dr\u00f4lement penser \u00e0 une mare remplie de petites grenouilles. Chaque baigneur est accompagn\u00e9 d&rsquo;un flotteur jaune attach\u00e9 autour de la taille, s\u00e9curit\u00e9 oblige.<\/p>\n<p>L&rsquo;eau \u00e0 24\u00b0C est \u00ab\u00a0super bonne\u00a0\u00bb, ne cesse-t-on de r\u00e9p\u00e9ter. Certains alignent quelques longueurs avant de partir au travail, d&rsquo;autres viennent juste faire trempette, discutent comme dans un v\u00e9ritable salon de th\u00e9.<\/p>\n<p>Alain Desaunay, 62 ans, a lui aussi ressenti ce matin \u00ab\u00a0le besoin de se rafra\u00eechir\u00a0\u00bb, confie-t-il \u00e0 l&rsquo;AFP tout en se s\u00e9chant avec sa serviette. \u00ab\u00a0C&rsquo;est exceptionnel de pouvoir se baigner en eau naturelle, et pas \u00e0 la piscine municipale\u00a0\u00bb, poursuit ce banlieusard de Massy (Essonne).<\/p>\n<p>Une \u00ab\u00a0chance\u00a0\u00bb, un \u00ab\u00a0privil\u00e8ge\u00a0\u00bb en ces journ\u00e9es de fortes chaleurs, selon Valeria Estrada, 27 ans, une Mexicaine r\u00e9sidant \u00e0 Paris, venue entre amis.<\/p>\n<p>&#8211; \u00ab\u00a0Forte affluence\u00a0\u00bb &#8211;<\/p>\n<p>H\u00e9ritage promis des JO, la baignade dans la Seine \u00e9tait interdite depuis 1923. Cet \u00e9t\u00e9, plus de 52.000 personnes ont d\u00e9j\u00e0 pu en profiter, selon les derniers chiffres de la ville de Paris, arr\u00eat\u00e9s \u00e0 dimanche.<\/p>\n<p>Malgr\u00e9 plusieurs jours de fermeture en juillet \u00e0 cause des pluies estivales, \u00ab\u00a0c&rsquo;est un vrai succ\u00e8s, on est ravis, on a vraiment un monde incroyable\u00a0\u00bb, se f\u00e9licite St\u00e9phanie Le Gu\u00e9dart, directrice adjointe de la Jeunesse et des Sports \u00e0 la mairie.<\/p>\n<p>R\u00e9cemment, le mercure est mont\u00e9 dans la capitale et \u00ab\u00a0on a constat\u00e9 une forte affluence\u00a0\u00bb sur les espaces de baignade, pr\u00e9cise-t-elle \u00e0 l&rsquo;AFP.<\/p>\n<p>Ouverts jusqu&rsquo;au 31 ao\u00fbt, ces derniers r\u00e9pondent aussi \u00e0 un besoin d&rsquo;adaptation de Paris au changement climatique, o\u00f9 les \u00e9pisodes de canicule vont se multiplier et s&rsquo;intensifier dans le futur.<\/p>\n<p>Avec ses deux bassins, le site quai de Bercy (12e arrondissement) peut lui accueillir jusqu&rsquo;\u00e0 700 personnes, mais celui quai de Grenelle (15e, 200 personnes maximum) est de plus en plus victime de son succ\u00e8s. Il faut parfois patienter plus d&rsquo;une heure trente, \u00e0 l&rsquo;ombre des arbres, pour faire partie des heureux baigneurs.<\/p>\n<p>Le cadre est pris\u00e9 au milieu des p\u00e9niches et face \u00e0 l&rsquo;\u00eele aux Cygnes. \u00ab\u00a0Tu as aussi moins l&rsquo;impression d&rsquo;\u00eatre dans Paris\u00a0\u00bb, affirme dans la file d&rsquo;attente Romain, un d\u00e9corateur de 47 ans qui n&rsquo;a pas souhait\u00e9 donner son nom, bien que la tour Eiffel en toile de fond se charge de le lui rappeler.<\/p>\n<p>\u00ab\u00a0C&rsquo;est comme si tu te baignais dans la mer, ou dans un lac quoi, mais en centre-ville\u00a0\u00bb, rench\u00e9rit sa fille Malou, 12 ans, impatiente de piquer une petite t\u00eate.<\/p>\n<p>Malheureusement, leur \u00ab\u00a0plouf\u00a0\u00bb dans la Seine devra attendre. L&rsquo;espace de baignade ferme dans moins d&rsquo;une heure, et la derni\u00e8re fourn\u00e9e de visiteurs vient de s&rsquo;y engouffrer sous leurs yeux.<\/p>\n<p>Certains touristes semblent agac\u00e9s, tentent de forcer le passage. Eux ne se formalisent pas car ils ont un plan B: une piscine du 19e arrondissement qu&rsquo;ils connaissent bien, et o\u00f9 \u00ab\u00a0l\u00e0-bas au moins, on peut tout le temps rentrer\u00a0\u00bb.<\/p>\n<p>bla\/bfa\/gvy<\/p>\n","protected":false},"excerpt":{"rendered":"D&rsquo;habitude, Ghislaine, 66 ans, ne jure que par la mer pour se rafra\u00eechir l&rsquo;\u00e9t\u00e9 en p\u00e9riode de canicule.&hellip;\n","protected":false},"author":2,"featured_media":314331,"comment_status":"","ping_status":"","sticky":false,"template":"","format":"standard","meta":{"footnotes":""},"categories":[1888],"tags":[1111,1928,11,1927,1777,674,1011,27,45374,18675,36486,5353,12,1926,626,1925,25,1966],"class_list":{"0":"post-314330","1":"post","2":"type-post","3":"status-publish","4":"format-standard","5":"has-post-thumbnail","7":"category-paris","8":"tag-actu","9":"tag-actu-paris","10":"tag-actualites","11":"tag-actualites-paris","12":"tag-eu","13":"tag-europe","14":"tag-fr","15":"tag-france","16":"tag-jeunesse-et-des-sports","17":"tag-la-baignade","18":"tag-la-mer","19":"tag-la-seine","20":"tag-news","21":"tag-news-paris","22":"tag-paris","23":"tag-paris-news","24":"tag-republique-francaise","25":"tag-sud-de-la-france"},"share_on_mastodon":{"url":"https:\/\/pubeurope.com\/@fr\/115016801778825959","error":""},"_links":{"self":[{"href":"https:\/\/www.europesays.com\/fr\/wp-json\/wp\/v2\/posts\/314330","targetHints":{"allow":["GET"]}}],"collection":[{"href":"https:\/\/www.europesays.com\/fr\/wp-json\/wp\/v2\/posts"}],"about":[{"href":"https:\/\/www.europesays.com\/fr\/wp-json\/wp\/v2\/types\/post"}],"author":[{"embeddable":true,"href":"https:\/\/www.europesays.com\/fr\/wp-json\/wp\/v2\/users\/2"}],"replies":[{"embeddable":true,"href":"https:\/\/www.europesays.com\/fr\/wp-json\/wp\/v2\/comments?post=314330"}],"version-history":[{"count":0,"href":"https:\/\/www.europesays.com\/fr\/wp-json\/wp\/v2\/posts\/314330\/revisions"}],"wp:featuredmedia":[{"embeddable":true,"href":"https:\/\/www.europesays.com\/fr\/wp-json\/wp\/v2\/media\/314331"}],"wp:attachment":[{"href":"https:\/\/www.europesays.com\/fr\/wp-json\/wp\/v2\/media?parent=314330"}],"wp:term":[{"taxonomy":"category","embeddable":true,"href":"https:\/\/www.europesays.com\/fr\/wp-json\/wp\/v2\/categories?post=314330"},{"taxonomy":"post_tag","embeddable":true,"href":"https:\/\/www.europesays.com\/fr\/wp-json\/wp\/v2\/tags?post=314330"}],"curies":[{"name":"wp","href":"https:\/\/api.w.org\/{rel}","templated":true}]}}