{"id":314336,"date":"2025-08-12T16:46:13","date_gmt":"2025-08-12T16:46:13","guid":{"rendered":"https:\/\/www.europesays.com\/fr\/314336\/"},"modified":"2025-08-12T16:46:13","modified_gmt":"2025-08-12T16:46:13","slug":"erdogan-confirme-a-zelensky-sa-volonte-dorganiser-un-sommet-des-dirigeants-de-lukraine-des-etats-unis-de-la-russie-et-de-la-turquie","status":"publish","type":"post","link":"https:\/\/www.europesays.com\/fr\/314336\/","title":{"rendered":"Erdo\u011fan confirme \u00e0 Zelensky sa volont\u00e9 d\u2019organiser un sommet des dirigeants de l\u2019Ukraine, des \u00c9tats-Unis, de la Russie et de la Turquie"},"content":{"rendered":"<p>Le pr\u00e9sident ukrainien Volodymyr Zelensky a discut\u00e9 avec son president turc Recep Tayyip Erdo\u011fan de la situation diplomatique entourant la fin de la guerre en Ukraine, ainsi que de la possible organisation d\u2019un sommet de dirigeants.<\/p>\n<p style=\"text-align: justify;\">\u00ab J\u2019ai parl\u00e9 avec le pr\u00e9sident de la Turquie, Recep Tayyip Erdo\u011fan. Nos \u00e9changes sont toujours amicaux et substantiels, et nous ressentons \u2014 et appr\u00e9cions beaucoup \u2014 cette attitude sinc\u00e8re et chaleureuse de la Turquie et de tout le peuple turc envers notre population\u2026 Nous avons \u00e9voqu\u00e9 la situation diplomatique actuelle et les opportunit\u00e9s qu\u2019elle offre \u00e0 pr\u00e9sent. Le pr\u00e9sident Erdo\u011fan a clairement affirm\u00e9 que toute n\u00e9gociation sans l\u2019Ukraine ne m\u00e8nera pas \u00e0 une paix durable. Nous comprenons de la m\u00eame mani\u00e8re tous les risques et toutes les menaces. Une paix simul\u00e9e, et non honn\u00eate, ne pourra pas durer longtemps et incitera la Russie \u00e0 conqu\u00e9rir encore plus de territoires \u00bb, a \u00e9crit Volodymyr Zelensky sur Telegram.<\/p>\n<p style=\"text-align: justify;\">Zelensky a \u00e9galement soulign\u00e9 que la partie ukrainienne \u00e9tait pr\u00eate \u00e0 envisager tous les formats de rencontres afin de mettre fin aux tueries et d\u2019arr\u00eater la guerre.<\/p>\n<p style=\"text-align: justify;\">\u00ab J\u2019ai remerci\u00e9 pour le soutien \u00e0 la souverainet\u00e9 et \u00e0 l\u2019int\u00e9grit\u00e9 territoriale de l\u2019Ukraine, ainsi que pour le r\u00f4le de m\u00e9diation de la Turquie lors des rencontres avec la partie russe \u00e0 Istanbul \u00bb, a-t-il ajout\u00e9.<\/p>\n<p style=\"text-align: justify;\">Pour sa part, Recep Tayyip Erdo\u011fan a confirm\u00e9 la disponibilit\u00e9 de son pays \u00e0 organiser un sommet des dirigeants de l\u2019Ukraine, des \u00c9tats-Unis, de la Russie et de la Turquie.<\/p>\n<p style=\"text-align: justify;\">Les dirigeants ont \u00e9galement discut\u00e9 des initiatives de haut niveau que l\u2019Ukraine pr\u00e9pare \u00e0 l\u2019occasion de l\u2019Assembl\u00e9e g\u00e9n\u00e9rale de l\u2019ONU.<\/p>\n<p style=\"text-align: justify;\">Photo d\u2019archives : AA<\/p>\n","protected":false},"excerpt":{"rendered":"Le pr\u00e9sident ukrainien Volodymyr Zelensky a discut\u00e9 avec son president turc Recep Tayyip Erdo\u011fan de la situation diplomatique&hellip;\n","protected":false},"author":2,"featured_media":314337,"comment_status":"","ping_status":"","sticky":false,"template":"","format":"standard","meta":{"footnotes":""},"categories":[1591],"tags":[11,1887,12,1885,1886,132],"class_list":{"0":"post-314336","1":"post","2":"type-post","3":"status-publish","4":"format-standard","5":"has-post-thumbnail","7":"category-russie","8":"tag-actualites","9":"tag-federation-de-russie","10":"tag-news","11":"tag-russia","12":"tag-russian-federation","13":"tag-russie"},"share_on_mastodon":{"url":"https:\/\/pubeurope.com\/@fr\/115016812851009619","error":""},"_links":{"self":[{"href":"https:\/\/www.europesays.com\/fr\/wp-json\/wp\/v2\/posts\/314336","targetHints":{"allow":["GET"]}}],"collection":[{"href":"https:\/\/www.europesays.com\/fr\/wp-json\/wp\/v2\/posts"}],"about":[{"href":"https:\/\/www.europesays.com\/fr\/wp-json\/wp\/v2\/types\/post"}],"author":[{"embeddable":true,"href":"https:\/\/www.europesays.com\/fr\/wp-json\/wp\/v2\/users\/2"}],"replies":[{"embeddable":true,"href":"https:\/\/www.europesays.com\/fr\/wp-json\/wp\/v2\/comments?post=314336"}],"version-history":[{"count":0,"href":"https:\/\/www.europesays.com\/fr\/wp-json\/wp\/v2\/posts\/314336\/revisions"}],"wp:featuredmedia":[{"embeddable":true,"href":"https:\/\/www.europesays.com\/fr\/wp-json\/wp\/v2\/media\/314337"}],"wp:attachment":[{"href":"https:\/\/www.europesays.com\/fr\/wp-json\/wp\/v2\/media?parent=314336"}],"wp:term":[{"taxonomy":"category","embeddable":true,"href":"https:\/\/www.europesays.com\/fr\/wp-json\/wp\/v2\/categories?post=314336"},{"taxonomy":"post_tag","embeddable":true,"href":"https:\/\/www.europesays.com\/fr\/wp-json\/wp\/v2\/tags?post=314336"}],"curies":[{"name":"wp","href":"https:\/\/api.w.org\/{rel}","templated":true}]}}