{"id":314340,"date":"2025-08-12T16:48:17","date_gmt":"2025-08-12T16:48:17","guid":{"rendered":"https:\/\/www.europesays.com\/fr\/314340\/"},"modified":"2025-08-12T16:48:17","modified_gmt":"2025-08-12T16:48:17","slug":"cac-40-en-hausse-apres-linflation-americaine-valneva-bondit-en-bourse","status":"publish","type":"post","link":"https:\/\/www.europesays.com\/fr\/314340\/","title":{"rendered":"CAC 40 en hausse apr\u00e8s l\u2019inflation am\u00e9ricaine, Valneva bondit en Bourse"},"content":{"rendered":"<p>Paris &#8211; La Bourse de Paris a termin\u00e9 en hausse de 0,71% mardi, port\u00e9e par la publication d\u2019un indice d\u2019inflation aux Etats-Unis qui soutient la perspective de baisses des taux de la banque centrale am\u00e9ricaine (Fed) dans l\u2019ann\u00e9e.<\/p>\n<p>L\u2019indice vedette de la Bourse de Paris, le CAC 40, a gagn\u00e9 54,90 points, terminant \u00e0 7.753,42 points. La veille, il avait fini en baisse de 0,57%.<\/p>\n<p>\u00abLe march\u00e9 a \u00e9t\u00e9 assez rassur\u00e9 par l\u2019inflation aux Etats-Unis, qui devrait permettre \u00e0 la banque centrale am\u00e9ricaine de baisser ses taux en septembre, mais aussi en d\u00e9cembre\u00bb, commente Philippe Cohen, gestionnaire de portefeuilles chez Kiplink Finance. <\/p>\n<p>Dans le d\u00e9tail, hors prix volatils de l&rsquo;\u00e9nergie et de l\u2019alimentation, l\u2019inflation aux Ettas-Unis marque une nette acc\u00e9l\u00e9ration \u00e0 +3,1% en juillet sur un an, ce qui reste toutefois dans la lign\u00e9e des attentes des analystes, selon le consensus publi\u00e9 par MarketWatch. <\/p>\n<p>Sur un mois, l\u2019indice affiche m\u00eame un ralentissement, \u00e0 +0,2% apr\u00e8s +0,3% en juin, l\u00e0 aussi dans la lign\u00e9e des attentes des analystes.<\/p>\n<p>Surtout, \u00abon ne constate pas d\u2019envol\u00e9e des prix aussi importante que ce qui \u00e9tait craint \u00e0 cause des droits de douane. Par d\u00e9duction, cela signifie que les entreprises font un effort pour rogner une partie de leurs marges pour que cela ne se refl\u00e8te pas sur le consommateur\u00bb, explique M. Cohen.<\/p>\n<p>Apr\u00e8s des mois de politique commerciale erratique de l\u2019administration Trump aux Etats-Unis, \u00abl\u2019inflation reste encore jugul\u00e9e, malgr\u00e9 des droits de douane en moyenne multipli\u00e9 par cinq\u00bb, pr\u00e9cise aussi M. Cohen.<\/p>\n<p>Valneva salu\u00e9<\/p>\n<p>Le laboratoire franco-autrichien Valneva, sp\u00e9cialis\u00e9 dans les vaccins, a grimp\u00e9 de 8,74% \u00e0 3,78 euros, apr\u00e8s avoir fait \u00e9tat mardi d\u2019un chiffre d\u2019affaires de 97,6 millions d\u2019euros contre 70,8 millions d\u2019euros au premier semestre 2024 et confirm\u00e9 ses perspectives 2025 dans un communiqu\u00e9. <\/p>\n<p>Euronext CAC40<\/p>\n<p>\u00a9 Agence France-Presse<\/p>\n","protected":false},"excerpt":{"rendered":"Paris &#8211; La Bourse de Paris a termin\u00e9 en hausse de 0,71% mardi, port\u00e9e par la publication d\u2019un&hellip;\n","protected":false},"author":2,"featured_media":314341,"comment_status":"","ping_status":"","sticky":false,"template":"","format":"standard","meta":{"footnotes":""},"categories":[1589],"tags":[11,73,1866,12,1864,1865,1863,308],"class_list":{"0":"post-314340","1":"post","2":"type-post","3":"status-publish","4":"format-standard","5":"has-post-thumbnail","7":"category-etats-unis","8":"tag-actualites","9":"tag-etats-unis","10":"tag-etats-unis-damerique","11":"tag-news","12":"tag-united-states","13":"tag-united-states-of-america","14":"tag-us","15":"tag-usa"},"share_on_mastodon":{"url":"https:\/\/pubeurope.com\/@fr\/115016820549555635","error":""},"_links":{"self":[{"href":"https:\/\/www.europesays.com\/fr\/wp-json\/wp\/v2\/posts\/314340","targetHints":{"allow":["GET"]}}],"collection":[{"href":"https:\/\/www.europesays.com\/fr\/wp-json\/wp\/v2\/posts"}],"about":[{"href":"https:\/\/www.europesays.com\/fr\/wp-json\/wp\/v2\/types\/post"}],"author":[{"embeddable":true,"href":"https:\/\/www.europesays.com\/fr\/wp-json\/wp\/v2\/users\/2"}],"replies":[{"embeddable":true,"href":"https:\/\/www.europesays.com\/fr\/wp-json\/wp\/v2\/comments?post=314340"}],"version-history":[{"count":0,"href":"https:\/\/www.europesays.com\/fr\/wp-json\/wp\/v2\/posts\/314340\/revisions"}],"wp:featuredmedia":[{"embeddable":true,"href":"https:\/\/www.europesays.com\/fr\/wp-json\/wp\/v2\/media\/314341"}],"wp:attachment":[{"href":"https:\/\/www.europesays.com\/fr\/wp-json\/wp\/v2\/media?parent=314340"}],"wp:term":[{"taxonomy":"category","embeddable":true,"href":"https:\/\/www.europesays.com\/fr\/wp-json\/wp\/v2\/categories?post=314340"},{"taxonomy":"post_tag","embeddable":true,"href":"https:\/\/www.europesays.com\/fr\/wp-json\/wp\/v2\/tags?post=314340"}],"curies":[{"name":"wp","href":"https:\/\/api.w.org\/{rel}","templated":true}]}}