{"id":314344,"date":"2025-08-12T16:50:14","date_gmt":"2025-08-12T16:50:14","guid":{"rendered":"https:\/\/www.europesays.com\/fr\/314344\/"},"modified":"2025-08-12T16:50:14","modified_gmt":"2025-08-12T16:50:14","slug":"le-tourisme-en-allemagne-atteint-un-niveau-record","status":"publish","type":"post","link":"https:\/\/www.europesays.com\/fr\/314344\/","title":{"rendered":"Le tourisme en Allemagne atteint un niveau record"},"content":{"rendered":"<p>Wiesbaden (dpa)\u00a0\u2013\u00a0Les voyages touristiques et d\u2019affaires en Allemagne n\u2019ont jamais \u00e9t\u00e9 aussi pris\u00e9s. Malgr\u00e9 une baisse de la demande \u00e9trang\u00e8re, les h\u00f4tels et autres grands \u00e9tablissements d\u2019h\u00e9bergement ont enregistr\u00e9 au cours du premier semestre\u00a02025 pr\u00e8s\u00a0de\u00a0223,3\u00a0millions de nuit\u00e9es, soit 0,1\u00a0pour\u00a0cent de plus que le pr\u00e9c\u00e9dent record, atteint en 2024. C\u2019est ce que rapporte l\u2019Office f\u00e9d\u00e9ral des statistiques.\u00a0\u00a0<\/p>\n<p>Les statisticiens attribuent la baisse, enregistr\u00e9e rien que pour le mois de juin,\u00a0de 12,7\u00a0pour\u00a0cent du nombre de visiteurs \u00e9trangers \u00e0 l\u2019affluence particuli\u00e8rement importante de l\u2019ann\u00e9e pr\u00e9c\u00e9dente\u00a0: le championnat d\u2019Europe de football avait alors attir\u00e9 des supporters de tous les pays.\u00a0\u00a0<\/p>\n","protected":false},"excerpt":{"rendered":"Wiesbaden (dpa)\u00a0\u2013\u00a0Les voyages touristiques et d\u2019affaires en Allemagne n\u2019ont jamais \u00e9t\u00e9 aussi pris\u00e9s. Malgr\u00e9 une baisse de la&hellip;\n","protected":false},"author":2,"featured_media":314345,"comment_status":"","ping_status":"","sticky":false,"template":"","format":"standard","meta":{"footnotes":""},"categories":[1587],"tags":[11,672,1804,1805,1803,1777,674,1801,12,1802],"class_list":{"0":"post-314344","1":"post","2":"type-post","3":"status-publish","4":"format-standard","5":"has-post-thumbnail","7":"category-allemagne","8":"tag-actualites","9":"tag-allemagne","10":"tag-bundesrepublik-deutschland","11":"tag-de","12":"tag-deutschland","13":"tag-eu","14":"tag-europe","15":"tag-germany","16":"tag-news","17":"tag-republique-federale-dallemagne"},"share_on_mastodon":{"url":"https:\/\/pubeurope.com\/@fr\/115016828345886365","error":""},"_links":{"self":[{"href":"https:\/\/www.europesays.com\/fr\/wp-json\/wp\/v2\/posts\/314344","targetHints":{"allow":["GET"]}}],"collection":[{"href":"https:\/\/www.europesays.com\/fr\/wp-json\/wp\/v2\/posts"}],"about":[{"href":"https:\/\/www.europesays.com\/fr\/wp-json\/wp\/v2\/types\/post"}],"author":[{"embeddable":true,"href":"https:\/\/www.europesays.com\/fr\/wp-json\/wp\/v2\/users\/2"}],"replies":[{"embeddable":true,"href":"https:\/\/www.europesays.com\/fr\/wp-json\/wp\/v2\/comments?post=314344"}],"version-history":[{"count":0,"href":"https:\/\/www.europesays.com\/fr\/wp-json\/wp\/v2\/posts\/314344\/revisions"}],"wp:featuredmedia":[{"embeddable":true,"href":"https:\/\/www.europesays.com\/fr\/wp-json\/wp\/v2\/media\/314345"}],"wp:attachment":[{"href":"https:\/\/www.europesays.com\/fr\/wp-json\/wp\/v2\/media?parent=314344"}],"wp:term":[{"taxonomy":"category","embeddable":true,"href":"https:\/\/www.europesays.com\/fr\/wp-json\/wp\/v2\/categories?post=314344"},{"taxonomy":"post_tag","embeddable":true,"href":"https:\/\/www.europesays.com\/fr\/wp-json\/wp\/v2\/tags?post=314344"}],"curies":[{"name":"wp","href":"https:\/\/api.w.org\/{rel}","templated":true}]}}