{"id":314346,"date":"2025-08-12T16:51:11","date_gmt":"2025-08-12T16:51:11","guid":{"rendered":"https:\/\/www.europesays.com\/fr\/314346\/"},"modified":"2025-08-12T16:51:11","modified_gmt":"2025-08-12T16:51:11","slug":"vingt-six-pays-et-7-800-km-en-deux-mois-la-folle-aventure-de-yann-desjardins-pour-son-tour-deurope-a-velo","status":"publish","type":"post","link":"https:\/\/www.europesays.com\/fr\/314346\/","title":{"rendered":"Vingt-six pays et 7.800 km en deux mois\u2026 La folle aventure de Yann Desjardins pour son tour d\u2019Europe \u00e0 v\u00e9lo"},"content":{"rendered":"<p>La r\u00e9alisation d\u2019un r\u00eave. Le d\u00e9but d\u2019une nouvelle aventure. Le Thouarsais Yann Desjardins a effectu\u00e9 un tour d\u2019Europe \u00e0 v\u00e9lo, partant de Paris le 14\u00a0mai 2025 et rentrant le 14\u00a0juillet apr\u00e8s avoir travers\u00e9 pas moins de vingt-six pays. Avec une ambition. \u00ab\u00a0Je me suis associ\u00e9 \u00e0 une cause qui me tient \u00e0 c\u0153ur, les violences sexistes et sexuelles envers les femmes, commence Yann Desjardins, 41\u00a0ans. J\u2019ai donc roul\u00e9 pour Nous toutes, une association qui travaille sur ce sujet-l\u00e0, pour lever des dons. C\u2019est une association nationale <a target=\"_blank\" href=\"https:\/\/www.facebook.com\/NousToutes79\/?locale=fr_FR\" rel=\"noopener\">avec des antennes d\u00e9partementales&#8230;. <\/p>\n<p>    Cet article a \u00e9t\u00e9 tronqu\u00e9. Abonnez-vous pour lire l&rsquo;article complet sur notre site.<\/p>\n<p><\/a>\u00a0\u00bb<\/p>\n<p style=\"margin: 0 !important; padding: 0 !important; font-size: 12px !important;\">Cet article a \u00e9t\u00e9 tronqu\u00e9. Abonnez-vous pour lire l&rsquo;article complet.<\/p>\n<p>    <a href=\"https:\/\/www.lanouvellerepublique.fr\/abonnements\" style=\"display: inline-block; margin-top: 5px !important; padding: 6px 12px !important; background: #cb1c27; color: white; text-decoration: none; border-radius: 4px; font-size: 12px !important;\" target=\"_blank\" rel=\"noopener\"><br \/>\n      S&rsquo;abonner<br \/>\n    <\/a><\/p>\n","protected":false},"excerpt":{"rendered":"La r\u00e9alisation d\u2019un r\u00eave. Le d\u00e9but d\u2019une nouvelle aventure. Le Thouarsais Yann Desjardins a effectu\u00e9 un tour d\u2019Europe&hellip;\n","protected":false},"author":2,"featured_media":314347,"comment_status":"","ping_status":"","sticky":false,"template":"","format":"standard","meta":{"footnotes":""},"categories":[1586],"tags":[1392,11,20079,2545,1777,674,1011,27,1393,4387,12,25,2665,45375],"class_list":{"0":"post-314346","1":"post","2":"type-post","3":"status-publish","4":"format-standard","5":"has-post-thumbnail","7":"category-europe","8":"tag-a-la-une-local","9":"tag-actualites","10":"tag-cyclotourisme","11":"tag-deux-sevres","12":"tag-eu","13":"tag-europe","14":"tag-fr","15":"tag-france","16":"tag-loisirs","17":"tag-loisirs-sportifs","18":"tag-news","19":"tag-republique-francaise","20":"tag-thouars","21":"tag-thouarsais"},"share_on_mastodon":{"url":"https:\/\/pubeurope.com\/@fr\/115016832602280993","error":""},"_links":{"self":[{"href":"https:\/\/www.europesays.com\/fr\/wp-json\/wp\/v2\/posts\/314346","targetHints":{"allow":["GET"]}}],"collection":[{"href":"https:\/\/www.europesays.com\/fr\/wp-json\/wp\/v2\/posts"}],"about":[{"href":"https:\/\/www.europesays.com\/fr\/wp-json\/wp\/v2\/types\/post"}],"author":[{"embeddable":true,"href":"https:\/\/www.europesays.com\/fr\/wp-json\/wp\/v2\/users\/2"}],"replies":[{"embeddable":true,"href":"https:\/\/www.europesays.com\/fr\/wp-json\/wp\/v2\/comments?post=314346"}],"version-history":[{"count":0,"href":"https:\/\/www.europesays.com\/fr\/wp-json\/wp\/v2\/posts\/314346\/revisions"}],"wp:featuredmedia":[{"embeddable":true,"href":"https:\/\/www.europesays.com\/fr\/wp-json\/wp\/v2\/media\/314347"}],"wp:attachment":[{"href":"https:\/\/www.europesays.com\/fr\/wp-json\/wp\/v2\/media?parent=314346"}],"wp:term":[{"taxonomy":"category","embeddable":true,"href":"https:\/\/www.europesays.com\/fr\/wp-json\/wp\/v2\/categories?post=314346"},{"taxonomy":"post_tag","embeddable":true,"href":"https:\/\/www.europesays.com\/fr\/wp-json\/wp\/v2\/tags?post=314346"}],"curies":[{"name":"wp","href":"https:\/\/api.w.org\/{rel}","templated":true}]}}