{"id":314356,"date":"2025-08-12T16:58:10","date_gmt":"2025-08-12T16:58:10","guid":{"rendered":"https:\/\/www.europesays.com\/fr\/314356\/"},"modified":"2025-08-12T16:58:10","modified_gmt":"2025-08-12T16:58:10","slug":"transferts-pro-d2-pour-remplacer-walisoliso-agen-soffre-un-centre-de-super-rugby","status":"publish","type":"post","link":"https:\/\/www.europesays.com\/fr\/314356\/","title":{"rendered":"Transferts\/Pro D2. Pour remplacer Walisoliso, Agen s\u2019offre un centre de Super Rugby"},"content":{"rendered":"<p>\n                Voil\u00e0 plusieurs mois que le SU Agen est \u00e0 la recherche d\u2019un centre capable d\u2019\u00e9voluer \u00e0 l\u2019aile. Il l\u2019a enfin trouv\u00e9 en la personne de Sio Tomkinson. Le N\u00e9o-Z\u00e9landais devrait d\u00e9barquer de la Western Force pour deux saisons.\n            <\/p>\n<p>Initialement, le SUA pr\u00e9voyait d\u2019accueillir Paula Walisoliso. Comme nous vous l\u2019indiquions, pour des raisons personnelles li\u00e9es \u00e0 son \u00e9pouse, le Fidjien a finalement souhait\u00e9 rester sur son \u00eele et ne pas rejoindre le Lot-et-Garonne pour \u00e9voluer sous les ordres de son ancien coach \u00e0 Nevers : Guillaume Jan. Ce dernier a donc d\u00fb se remettre au boulot pour trouver la perle rare le plus rapidement possible.<br \/>Si le staff suaviste a envisag\u00e9 l\u2019option d\u2019un pr\u00eat, les profils ne correspondaient pas forc\u00e9ment aux attentes. C\u2019est donc vers une piste \u00e9trang\u00e8re que Mauricio Reggiardo et son \u00e9quipe ont jet\u00e9 leur d\u00e9volu. \u00ab\u00a0Il y a \u00e9norm\u00e9ment de profils \u00e0 \u00e9tudier\u00a0\u00bb, nous r\u00e9v\u00e9lait d\u2019ailleurs le manager la semaine derni\u00e8re. Certains particuli\u00e8rement prestigieux \u00e0 l\u2019image de Matias Moroni.<\/p>\n<p>Tomkinson pour deux ans<\/p>\n<p>Mais, comme indiqu\u00e9 par le Petit Bleu d\u2019Agen, c\u2019est le N\u00e9o-Z\u00e9landais Patelesio (Sio de son diminutif) Tomkinson, ancien international U20 avec les Baby Blacks, qui a attir\u00e9 l\u2019\u0153il des Agenais.<\/p>\n<p>\u00c0 29 ans, ledit Tomkinson compte plus de 50 matchs de Super Rugby \u00e0 son actif avec Otago, puis les Highlanders et enfin la Western Force. Et ce avec un passage de deux saisons aux Dragons de Newport entre temps. Cette saison, il a jou\u00e9 onze matchs avec la province australienne bas\u00e9e \u00e0 Perth. Quasiment tous en tant que titulaire.<\/p>\n<p>R\u00e9put\u00e9 tr\u00e8s solide sur l\u2019homme en d\u00e9fense, le natif de Dunedin (1,83 m pour 95 kg) est consid\u00e9r\u00e9 comme un facteur X capable de casser des lignes mais surtout de faire jouer derri\u00e8re lui.<\/p>\n<p>\u00c0 Agen, o\u00f9 il devrait donc s\u2019engager pour deux saisons, il devrait couvrir les postes de centre mais aussi d\u2019ailier puisqu\u2019il est polyvalent. Un accord \u00e9crit a \u00e9t\u00e9 conclu ce mardi et les derniers d\u00e9tails devraient \u00eatre r\u00e9gl\u00e9s d\u2019ici la fin de la semaine. Son arriv\u00e9e est attendue le plus rapidement possible dans le Lot-et-Garonne. Reste \u00e0 savoir si son temps d\u2019adaptation lui permettra ou non de matcher d\u00e8s le premier bloc avec le SUA.<\/p>\n<p>Ce pourrait \u00eatre le cas \u00e9tant donn\u00e9 que le jeune ailier R\u00e9mi Boulan sera absent pour six semaines en raison d\u2019une d\u00e9chirure subie contre Colomiers lors du premier match amical.<\/p>\n","protected":false},"excerpt":{"rendered":"Voil\u00e0 plusieurs mois que le SU Agen est \u00e0 la recherche d\u2019un centre capable d\u2019\u00e9voluer \u00e0 l\u2019aile. Il&hellip;\n","protected":false},"author":2,"featured_media":314357,"comment_status":"","ping_status":"","sticky":false,"template":"","format":"standard","meta":{"footnotes":""},"categories":[1416],"tags":[1011,27,479,1468,60],"class_list":{"0":"post-314356","1":"post","2":"type-post","3":"status-publish","4":"format-standard","5":"has-post-thumbnail","7":"category-rugby","8":"tag-fr","9":"tag-france","10":"tag-rugby","11":"tag-rugby-football","12":"tag-sports"},"share_on_mastodon":{"url":"https:\/\/pubeurope.com\/@fr\/115016859928254474","error":""},"_links":{"self":[{"href":"https:\/\/www.europesays.com\/fr\/wp-json\/wp\/v2\/posts\/314356","targetHints":{"allow":["GET"]}}],"collection":[{"href":"https:\/\/www.europesays.com\/fr\/wp-json\/wp\/v2\/posts"}],"about":[{"href":"https:\/\/www.europesays.com\/fr\/wp-json\/wp\/v2\/types\/post"}],"author":[{"embeddable":true,"href":"https:\/\/www.europesays.com\/fr\/wp-json\/wp\/v2\/users\/2"}],"replies":[{"embeddable":true,"href":"https:\/\/www.europesays.com\/fr\/wp-json\/wp\/v2\/comments?post=314356"}],"version-history":[{"count":0,"href":"https:\/\/www.europesays.com\/fr\/wp-json\/wp\/v2\/posts\/314356\/revisions"}],"wp:featuredmedia":[{"embeddable":true,"href":"https:\/\/www.europesays.com\/fr\/wp-json\/wp\/v2\/media\/314357"}],"wp:attachment":[{"href":"https:\/\/www.europesays.com\/fr\/wp-json\/wp\/v2\/media?parent=314356"}],"wp:term":[{"taxonomy":"category","embeddable":true,"href":"https:\/\/www.europesays.com\/fr\/wp-json\/wp\/v2\/categories?post=314356"},{"taxonomy":"post_tag","embeddable":true,"href":"https:\/\/www.europesays.com\/fr\/wp-json\/wp\/v2\/tags?post=314356"}],"curies":[{"name":"wp","href":"https:\/\/api.w.org\/{rel}","templated":true}]}}