{"id":314358,"date":"2025-08-12T16:59:16","date_gmt":"2025-08-12T16:59:16","guid":{"rendered":"https:\/\/www.europesays.com\/fr\/314358\/"},"modified":"2025-08-12T16:59:16","modified_gmt":"2025-08-12T16:59:16","slug":"atp-toni-nadal-quand-felix-auger-aliassime-ma-dit-quil-voulait-etre-numero-1-mondial-je-lui-ai-repondu-je-ne-sais-pas-comment-tu-peux-battre-djokovic-zverev-medvedev-ou-rafa-je-ne-sais-pas","status":"publish","type":"post","link":"https:\/\/www.europesays.com\/fr\/314358\/","title":{"rendered":"ATP > Toni Nadal \u00ab\u00a0Quand Felix Auger-Aliassime m&rsquo;a dit qu&rsquo;il voulait \u00eatre num\u00e9ro 1 mondial, je lui ai r\u00e9pondu : &lsquo;Je ne sais pas comment tu peux battre Djokovic, Zverev, Medvedev ou Rafa. Je ne sais pas comment tu peux y arriver'\u00a0\u00bb"},"content":{"rendered":"<p>Lors d\u2019une inter\u00adview accord\u00e9e \u00e0 <a href=\"https:\/\/www.claytenis.com\/portada\/la-propuesta-de-toni-nadal-a-felix-auger-aliassime-siempre-estare-dispuesto-a-ayudar-sin-cobrar\/\" data-wpel-link=\"external\" target=\"_blank\" rel=\"nofollow external noopener\">Clay Tennis<\/a>, Toni Nadal est revenus sur\u00a0colla\u00adbo\u00adra\u00adtion avec F\u00e9lix Auger\u2010Aliassime, qu\u2019il a conseill\u00e9 entre 2021 et 2023, et a notam\u00adment r\u00e9v\u00e9l\u00e9 ce qu\u2019il lui avait dit au tout d\u00e9but de leur association.\u00a0<\/p>\n<p><strong>\u00ab\u202fQuand Felix est venu me voir pour me proposer de colla\u00adborer, je lui ai demand\u00e9\u00a0: \u2018Quelle est ton ambi\u00adtion ?\u2019 Et il m\u2019a r\u00e9pondu\u00a0: \u2018\u00catre num\u00e9ro un mondial\u2019. Il \u00e9tait alors class\u00e9 22e et je lui ai dit\u00a0: \u2018Que veux\u2010tu que je te dise main\u00adte\u00adnant, ce que tu veux entendre ou ce que je pense que je dois te dire ?\u2019 Et il m\u2019a r\u00e9pondu\u00a0: \u2018Non, non, je suis venu pour t\u2019\u00e9couter\u2019. Je lui ai r\u00e9pondu\u00a0: \u2018Eh bien, pour l\u2019ins\u00adtant, je ne te vois pas num\u00e9ro un, je ne sais pas comment tu peux battre Djokovic, Zverev, Medvedev ou Rafael. Je ne sais pas comment tu peux y arriver. \u00c0 partir de l\u00e0, nous verrons si dans un an ou deux nous pouvons atteindre notre objectif\u202f\u00bb.<\/strong><\/p>\n<p class=\"post-published-date\" style=\"color: silver; font-size: 75%; text-align: left;\">Publi\u00e9 le mardi 12 ao\u00fbt 2025 \u00e0 18:11<\/p>\n","protected":false},"excerpt":{"rendered":"Lors d\u2019une inter\u00adview accord\u00e9e \u00e0 Clay Tennis, Toni Nadal est revenus sur\u00a0colla\u00adbo\u00adra\u00adtion avec F\u00e9lix Auger\u2010Aliassime, qu\u2019il a conseill\u00e9&hellip;\n","protected":false},"author":2,"featured_media":198562,"comment_status":"","ping_status":"","sticky":false,"template":"","format":"standard","meta":{"footnotes":""},"categories":[1415],"tags":[14496,3252,105,1011,27,1960,60,1467,4542],"class_list":{"0":"post-314358","1":"post","2":"type-post","3":"status-publish","4":"format-standard","5":"has-post-thumbnail","7":"category-tennis","8":"tag-auger-aliassime","9":"tag-daniil-medvedev","10":"tag-djokovic","11":"tag-fr","12":"tag-france","13":"tag-nadal","14":"tag-sports","15":"tag-tennis","16":"tag-zverev"},"share_on_mastodon":{"url":"https:\/\/pubeurope.com\/@fr\/115016863746696989","error":""},"_links":{"self":[{"href":"https:\/\/www.europesays.com\/fr\/wp-json\/wp\/v2\/posts\/314358","targetHints":{"allow":["GET"]}}],"collection":[{"href":"https:\/\/www.europesays.com\/fr\/wp-json\/wp\/v2\/posts"}],"about":[{"href":"https:\/\/www.europesays.com\/fr\/wp-json\/wp\/v2\/types\/post"}],"author":[{"embeddable":true,"href":"https:\/\/www.europesays.com\/fr\/wp-json\/wp\/v2\/users\/2"}],"replies":[{"embeddable":true,"href":"https:\/\/www.europesays.com\/fr\/wp-json\/wp\/v2\/comments?post=314358"}],"version-history":[{"count":0,"href":"https:\/\/www.europesays.com\/fr\/wp-json\/wp\/v2\/posts\/314358\/revisions"}],"wp:featuredmedia":[{"embeddable":true,"href":"https:\/\/www.europesays.com\/fr\/wp-json\/wp\/v2\/media\/198562"}],"wp:attachment":[{"href":"https:\/\/www.europesays.com\/fr\/wp-json\/wp\/v2\/media?parent=314358"}],"wp:term":[{"taxonomy":"category","embeddable":true,"href":"https:\/\/www.europesays.com\/fr\/wp-json\/wp\/v2\/categories?post=314358"},{"taxonomy":"post_tag","embeddable":true,"href":"https:\/\/www.europesays.com\/fr\/wp-json\/wp\/v2\/tags?post=314358"}],"curies":[{"name":"wp","href":"https:\/\/api.w.org\/{rel}","templated":true}]}}