{"id":314364,"date":"2025-08-12T17:04:18","date_gmt":"2025-08-12T17:04:18","guid":{"rendered":"https:\/\/www.europesays.com\/fr\/314364\/"},"modified":"2025-08-12T17:04:18","modified_gmt":"2025-08-12T17:04:18","slug":"om-1250-supporters-marseillais-attendus-a-rennes-pour-le-premier-match-de-la-saison","status":"publish","type":"post","link":"https:\/\/www.europesays.com\/fr\/314364\/","title":{"rendered":"OM. 1250 supporters marseillais attendus \u00e0 Rennes pour le premier match de la saison"},"content":{"rendered":"<p>La d\u00e9l\u00e9gation olympienne ne passera pas inaper\u00e7ue et on devrait entendre l&rsquo;accent marseillais \u00e0 Rennes, vendredi soir (21h), pour la reprise du championnat de France. Pr\u00e8s de 1250 supporters de l&rsquo;OM feront ainsi le d\u00e9placement au Roazhon Park pour garnir le parcage visiteurs et encourager l&rsquo;escouade de Roberto De Zerbi.<\/p>\n<p>Ce premier d\u00e9placement de la saison sera tout de m\u00eame suivi de pr\u00e8s par <a href=\"https:\/\/www.ille-et-vilaine.gouv.fr\/Actualites\/Espace-presse\/2025\/Securite-Rennes-Marseille2\" target=\"_blank\" rel=\"noopener\">la pr\u00e9fecture d&rsquo;Ille-et-Vilaine<\/a>, qui a d\u00e9cid\u00e9 d&rsquo;encadrer la venue des fans olympiens \u00ab\u00a0compte tenu de la d\u00e9t\u00e9rioration des relations entre les supporters \u00ab\u00a0ultras\u00a0\u00bb de Rennes et de Marseille depuis plusieurs ann\u00e9es\u00a0\u00bb.<\/p>\n<p>Ainsi, il sera \u00ab\u00a0interdit \u00e0 tout supporter de l&rsquo;Olympique de Marseille de se pr\u00e9valoir de cette qualit\u00e9, notamment en affichant une \u00e9charpe, un insigne, un v\u00eatement ou un drapeau permettant d&rsquo;identifier ce club, sur la commune de Rennes, \u00e0 l&rsquo;exception de l&rsquo;enceinte du stade Roazhon Park.\u00a0\u00bb<\/p>\n<p>D&rsquo;autre part, les trajets aller et retour seront encadr\u00e9s et \u00ab\u00a0les supporters qui se rendront directement au Roazhon Park sans se pr\u00e9senter au point de rendez-vous ne seront pas accept\u00e9s au sein du stade\u00a0\u00bb.<\/p>\n<p>Enfin, pour ce match \u00e0 guichets ferm\u00e9s (29\u00a0000 spectateurs attendus), la pr\u00e9fecture a d\u00e9cid\u00e9 de s&rsquo;offrir les services de deux drones, de 15\u00a0heures \u00e0 23\u00a0h\u00a030 aux alentours du stade, selon les informations de <a href=\"https:\/\/www.ouest-france.fr\/bretagne\/ille-et-vilaine\/stade-rennais-om-des-drones-surveilleront-les-supporters-pour-le-premier-match-de-la-ligue-1-751d4848-7395-11f0-8a41-8cab56b0e4bf\" target=\"_blank\" rel=\"noopener\">Ouest France<\/a> et du <a href=\"https:\/\/www.letelegramme.fr\/ille-et-vilaine\/rennes-35000\/pour-eviter-les-debordements-lors-du-match-stade-rennais-om-les-supporters-seront-surveilles-par-drones-6868043.php\" target=\"_blank\" rel=\"noopener\">T\u00e9l\u00e9gramme<\/a>.<\/p>\n","protected":false},"excerpt":{"rendered":"La d\u00e9l\u00e9gation olympienne ne passera pas inaper\u00e7ue et on devrait entendre l&rsquo;accent marseillais \u00e0 Rennes, vendredi soir (21h),&hellip;\n","protected":false},"author":2,"featured_media":314365,"comment_status":"","ping_status":"","sticky":false,"template":"","format":"standard","meta":{"footnotes":""},"categories":[1410],"tags":[45376,17,17144,63,1011,27,761,149,471,584,60,10221],"class_list":{"0":"post-314364","1":"post","2":"type-post","3":"status-publish","4":"format-standard","5":"has-post-thumbnail","7":"category-football","8":"tag-45376","9":"tag-17","10":"tag-attendus","11":"tag-football","12":"tag-fr","13":"tag-france","14":"tag-marseillais","15":"tag-om","16":"tag-pour","17":"tag-rennes","18":"tag-sports","19":"tag-supporters"},"share_on_mastodon":{"url":"https:\/\/pubeurope.com\/@fr\/115016883515795775","error":""},"_links":{"self":[{"href":"https:\/\/www.europesays.com\/fr\/wp-json\/wp\/v2\/posts\/314364","targetHints":{"allow":["GET"]}}],"collection":[{"href":"https:\/\/www.europesays.com\/fr\/wp-json\/wp\/v2\/posts"}],"about":[{"href":"https:\/\/www.europesays.com\/fr\/wp-json\/wp\/v2\/types\/post"}],"author":[{"embeddable":true,"href":"https:\/\/www.europesays.com\/fr\/wp-json\/wp\/v2\/users\/2"}],"replies":[{"embeddable":true,"href":"https:\/\/www.europesays.com\/fr\/wp-json\/wp\/v2\/comments?post=314364"}],"version-history":[{"count":0,"href":"https:\/\/www.europesays.com\/fr\/wp-json\/wp\/v2\/posts\/314364\/revisions"}],"wp:featuredmedia":[{"embeddable":true,"href":"https:\/\/www.europesays.com\/fr\/wp-json\/wp\/v2\/media\/314365"}],"wp:attachment":[{"href":"https:\/\/www.europesays.com\/fr\/wp-json\/wp\/v2\/media?parent=314364"}],"wp:term":[{"taxonomy":"category","embeddable":true,"href":"https:\/\/www.europesays.com\/fr\/wp-json\/wp\/v2\/categories?post=314364"},{"taxonomy":"post_tag","embeddable":true,"href":"https:\/\/www.europesays.com\/fr\/wp-json\/wp\/v2\/tags?post=314364"}],"curies":[{"name":"wp","href":"https:\/\/api.w.org\/{rel}","templated":true}]}}