{"id":314376,"date":"2025-08-12T17:10:16","date_gmt":"2025-08-12T17:10:16","guid":{"rendered":"https:\/\/www.europesays.com\/fr\/314376\/"},"modified":"2025-08-12T17:10:16","modified_gmt":"2025-08-12T17:10:16","slug":"une-bande-annonce-epique-pour-le-film-scarlet-de-mamoru-hosoda-12-aout-2025","status":"publish","type":"post","link":"https:\/\/www.europesays.com\/fr\/314376\/","title":{"rendered":"Une bande annonce \u00e9pique pour le film Scarlet de Mamoru Hosoda, 12 Ao\u00fbt 2025"},"content":{"rendered":"<p><strong><a href=\"https:\/\/www.manga-news.com\/index.php\/dvd\/Scarlet\" target=\"_blank\" rel=\"noopener\">Scarlet<\/a><\/strong>, la nouvelle \u0153uvre cin\u00e9matographique de <a href=\"https:\/\/www.manga-news.com\/index.php\/auteur\/HOSODA-Mamoru\" target=\"_blank\" rel=\"noopener\"><strong xmlns=\"http:\/\/www.w3.org\/1999\/xhtml\">Mamoru Hosoda<\/strong><\/a><strong\/>, se pr\u00e9cise et se d\u00e9voile ! En d\u00e9but de mois, une nouvelle bande annonce japonaise a \u00e9t\u00e9 mise en ligne.<\/p>\n<p>Ce trailer est l&rsquo;occasion d&rsquo;appr\u00e9cier la port\u00e9e \u00e9pique du film et l&rsquo;utilisation des images de synth\u00e8se par le cin\u00e9aste. Un aper\u00e7u qui confirme les promesses de ce dernier, Mamoru Hosoda ayant annonc\u00e9 une \u0153uvre diff\u00e9rente de ses pr\u00e9c\u00e9dents travaux ainsi qu&rsquo;un nouveau d\u00e9fi visuel pour un rendu qui ne serait ni de la 2D, ni des CGI dans un style hollywoodien \u00e0 proprement parler.<\/p>\n<p><\/p>\n<p>Pour rappel, le film est enti\u00e8rement \u00e9crit et r\u00e9alis\u00e9 par Mamoru Hosoda au sein de <a href=\"https:\/\/www.manga-news.com\/index.php\/auteur\/Chizu\" target=\"_blank\" rel=\"noopener\">Chizu Film<\/a>, son studio d&rsquo;animation. <a href=\"https:\/\/www.manga-news.com\/index.php\/auteur\/TADAHIRO-Uesugi\" target=\"_blank\" rel=\"noopener\">Tadahiro Uesugi<\/a> et <a href=\"https:\/\/www.manga-news.com\/index.php\/auteur\/KIM-Jin\" target=\"_blank\" rel=\"noopener\">Kim Jin<\/a> sont en charge du character-design tandis que <a href=\"https:\/\/www.manga-news.com\/index.php\/auteur\/IWASAKI-Taisei\" target=\"_blank\" rel=\"noopener\">Taisei Iwasaki<\/a> compose la bande originale.<\/p>\n<p>Le long m\u00e9trage sortira le 21 novembre dans les cin\u00e9mas japonais, sous son titre original Hateshi naki Scarlet. De notre c\u00f4t\u00e9, Sony Pictures Entertainment a annonc\u00e9 une sortie dans nos salles obscures pour le <strong>10 d\u00e9cembre<\/strong>.<\/p>\n<p>Apr\u00e8s <a href=\"https:\/\/www.manga-news.com\/index.php\/dvd\/Traversee-Du-Temps-la\" target=\"_blank\" rel=\"noopener\">La Travers\u00e9e du Temps<\/a>, <a href=\"https:\/\/www.manga-news.com\/index.php\/dvd\/Summer-Wars\" target=\"_blank\" rel=\"noopener\">Summer Wars<\/a>, <a href=\"https:\/\/www.manga-news.com\/index.php\/dvd\/Enfants-Loups-les\" target=\"_blank\" rel=\"noopener\">Les Enfants Loups<\/a>, <a href=\"https:\/\/www.manga-news.com\/index.php\/dvd\/Bakemono-no-Ko\" target=\"_blank\" rel=\"noopener\">Le Gar\u00e7on et la B\u00eate<\/a>, <a href=\"https:\/\/www.manga-news.com\/index.php\/dvd\/Mirai\" target=\"_blank\" rel=\"noopener\">Mirai ma petite s\u0153ur<\/a> et <a href=\"https:\/\/www.manga-news.com\/index.php\/dvd\/BELLE\" target=\"_blank\" rel=\"noopener\">BELLE<\/a>, on peut avoir h\u00e2te de d\u00e9couvrir vers quels nouveaux sentiers le r\u00e9alisateur compte nous mener. Esp\u00e9rons aussi une sorte de ses deux courts m\u00e9trages de jeunesse : <a href=\"https:\/\/www.manga-news.com\/index.php\/dvd\/Digimon-Adventure-Films\" target=\"_blank\" rel=\"noopener\">Digimon Adventure<\/a> et <a href=\"https:\/\/www.manga-news.com\/index.php\/dvd\/Digimon-Adventure-Notre-jeu-de-guerre-Film-2\" target=\"_blank\" rel=\"noopener\">Digimon Adventure : Notre jeu de guerre<\/a>, les deux films affili\u00e9s \u00e0 la toute premi\u00e8re saison de la saga Digimon.<\/p>\n<p><img decoding=\"async\" src=\"https:\/\/www.europesays.com\/fr\/wp-content\/uploads\/2025\/05\/Scarlet-film-visual-2.webp.webp\" alt=\"\" style=\"width: 100%; max-width: 314px; height: auto; max-height: 442px;\"\/>\u00a0<img decoding=\"async\" src=\"https:\/\/www.europesays.com\/fr\/wp-content\/uploads\/2025\/08\/Scarlet-film-visual-3.webp.webp\" style=\"width: 100%; max-width: 313px; height: auto; max-height: 442px;\" alt=\"\"\/><\/p>\n<p><strong>Synopsis du film :<br \/><\/strong><br \/>La princesse Scarlett, dont le p\u00e8re a \u00e9t\u00e9 assassin\u00e9 et qui n&rsquo;a pas r\u00e9ussi \u00e0 se venger, se r\u00e9veille au \u00ab Pays des Morts \u00bb. Dans ce monde rempli de folie, elle doit se venger de son ennemi jur\u00e9. Si elle n\u2019atteint pas le \u00ab lieu sans fin \u00bb, elle deviendra le \u00ab n\u00e9ant \u00bb et son existence dispara\u00eetra.<\/p>\n<p>Une aventure au-del\u00e0 de l&rsquo;imagination. Un combat sans fin. Une rencontre fatidique qui transcende le temps et l&rsquo;espace. Scarlett parviendra-t-elle \u00e0 trouver un chemin dans la vie au terme de ce voyage sans fin ?<\/p>\n","protected":false},"excerpt":{"rendered":"Scarlet, la nouvelle \u0153uvre cin\u00e9matographique de Mamoru Hosoda, se pr\u00e9cise et se d\u00e9voile ! En d\u00e9but de mois,&hellip;\n","protected":false},"author":2,"featured_media":65951,"comment_status":"","ping_status":"","sticky":false,"template":"","format":"standard","meta":{"footnotes":""},"categories":[1354],"tags":[1111,47,2566,58,59,1346,1011,27,1922,6681,6683,2567,6682,1360,1404,45377],"class_list":{"0":"post-314376","1":"post","2":"type-post","3":"status-publish","4":"format-standard","5":"has-post-thumbnail","7":"category-films","8":"tag-actu","9":"tag-actualite","10":"tag-anime","11":"tag-divertissement","12":"tag-entertainment","13":"tag-films","14":"tag-fr","15":"tag-france","16":"tag-info","17":"tag-manga","18":"tag-manga-news","19":"tag-manga-news-com","20":"tag-mangas","21":"tag-movies","22":"tag-quotidien","23":"tag-une-bande-annonce-epique-pour-le-film-scarlet-de-mamoru-hosoda"},"share_on_mastodon":{"url":"https:\/\/pubeurope.com\/@fr\/115016907613101980","error":""},"_links":{"self":[{"href":"https:\/\/www.europesays.com\/fr\/wp-json\/wp\/v2\/posts\/314376","targetHints":{"allow":["GET"]}}],"collection":[{"href":"https:\/\/www.europesays.com\/fr\/wp-json\/wp\/v2\/posts"}],"about":[{"href":"https:\/\/www.europesays.com\/fr\/wp-json\/wp\/v2\/types\/post"}],"author":[{"embeddable":true,"href":"https:\/\/www.europesays.com\/fr\/wp-json\/wp\/v2\/users\/2"}],"replies":[{"embeddable":true,"href":"https:\/\/www.europesays.com\/fr\/wp-json\/wp\/v2\/comments?post=314376"}],"version-history":[{"count":0,"href":"https:\/\/www.europesays.com\/fr\/wp-json\/wp\/v2\/posts\/314376\/revisions"}],"wp:featuredmedia":[{"embeddable":true,"href":"https:\/\/www.europesays.com\/fr\/wp-json\/wp\/v2\/media\/65951"}],"wp:attachment":[{"href":"https:\/\/www.europesays.com\/fr\/wp-json\/wp\/v2\/media?parent=314376"}],"wp:term":[{"taxonomy":"category","embeddable":true,"href":"https:\/\/www.europesays.com\/fr\/wp-json\/wp\/v2\/categories?post=314376"},{"taxonomy":"post_tag","embeddable":true,"href":"https:\/\/www.europesays.com\/fr\/wp-json\/wp\/v2\/tags?post=314376"}],"curies":[{"name":"wp","href":"https:\/\/api.w.org\/{rel}","templated":true}]}}