{"id":314377,"date":"2025-08-12T17:11:22","date_gmt":"2025-08-12T17:11:22","guid":{"rendered":"https:\/\/www.europesays.com\/fr\/314377\/"},"modified":"2025-08-12T17:11:22","modified_gmt":"2025-08-12T17:11:22","slug":"les-medecins-decouvrent-un-nouveau-signe-avant-coureur-de-lun-des-cancers-les-plus-mortels","status":"publish","type":"post","link":"https:\/\/www.europesays.com\/fr\/314377\/","title":{"rendered":"Les m\u00e9decins d\u00e9couvrent un nouveau signe avant-coureur de l&rsquo;un des cancers les plus mortels"},"content":{"rendered":"<p>Le cancer du pancr\u00e9as, qui tue pr\u00e8s de 90 % des patients dans les cinq ans suivant le diagnostic, reste redoutable en raison de sa d\u00e9tection souvent trop tardive. En France, il touche presque 16 000 personnes par an et son taux d\u2019incidence progresse, d\u2019apr\u00e8s les donn\u00e9es de l\u2019Institut national du cancer. Mais une nouvelle \u00e9tude de l\u2019Universit\u00e9 de Californie \u00e0 San Diego pourrait changer la donne. Les chercheurs y ont identifi\u00e9 un signal mol\u00e9culaire pr\u00e9coce form\u00e9 par l\u2019activation de dix g\u00e8nes dont le r\u00f4le serait central dans le d\u00e9veloppement, la progression et la r\u00e9sistance aux traitements du cancer du pancr\u00e9as.<\/p>\n<p>Une mutation du g\u00e8ne KRAS<\/p>\n<p>Pour mieux comprendre les m\u00e9canismes d\u2019initiation de ce cancer, les scientifiques ont \u00e9tudi\u00e9 des souris g\u00e9n\u00e9tiquement modifi\u00e9es pr\u00e9sentant une mutation du g\u00e8ne KRAS, fr\u00e9quemment retrouv\u00e9e dans les cancers du pancr\u00e9as, du poumon et du c\u00f4lon. Ils ont observ\u00e9 que des conditions telles que l\u2019inflammation et un faible taux d\u2019oxyg\u00e8ne, deux sources de stress cellulaire, activaient une prot\u00e9ine cl\u00e9 appel\u00e9e STAT3. Or, STAT3 semble jouer un r\u00f4le fondamental dans la survie et l\u2019adaptation des cellules canc\u00e9reuses \u00e0 leur environnement. Une fois activ\u00e9e, elle induit l\u2019expression d\u2019un g\u00e8ne sp\u00e9cifique, l\u2019int\u00e9grine \u03b23 (ITGB3), d\u00e9j\u00e0 impliqu\u00e9e dans la croissance et la diss\u00e9mination tumorales. L\u2019activation d\u2019ITGB3 par STAT3 cr\u00e9e une boucle de r\u00e9troaction d\u00e9l\u00e9t\u00e8re, acc\u00e9l\u00e9rant la progression (&#8230;)<\/p>\n<p><a href=\"https:\/\/www.topsante.com\/medecine\/cancers\/les-medecins-decouvrent-un-nouveau-signe-avant-coureur-de-lun-des-cancers-les-plus-mortels-922654?utm_campaign=partenariat&amp;utm_source=yahoo-articles&amp;utm_medium=flux\" rel=\"nofollow noopener\" target=\"_blank\" data-ylk=\"slk:Lire la suite sur Top Sant\u00e9;elm:context_link;itc:0;sec:content-canvas\" class=\"link \">Lire la suite sur Top Sant\u00e9<\/a><\/p>\n<p><a href=\"https:\/\/www.topsante.com\/forme_bien_etre\/passion_fitness\/pilates\/voici-lexercice-ultime-pour-redessiner-et-tonifier-vos-bras-apres-50-ans-selon-un-coach-sportif-923415?utm_campaign=partenariat&amp;utm_source=yahoo-articles&amp;utm_medium=flux\" rel=\"nofollow noopener\" target=\"_blank\" data-ylk=\"slk:Voici l\u2019exercice ultime pour redessiner et tonifier vos bras apr\u00e8s 50 ans selon un coach sportif;elm:context_link;itc:0;sec:content-canvas\" class=\"link \">Voici l\u2019exercice ultime pour redessiner et tonifier vos bras apr\u00e8s 50 ans selon un coach sportif<\/a><br \/><a href=\"https:\/\/www.topsante.com\/nutrition_et_recettes\/manger_equilibre\/manger_moins_gras\/plus-calorique-que-le-foie-gras-un-medecin-alerte-contre-ce-fruit-sec-qui-peut-vous-faire-grossir-922478?utm_campaign=partenariat&amp;utm_source=yahoo-articles&amp;utm_medium=flux\" rel=\"nofollow noopener\" target=\"_blank\" data-ylk=\"slk:\u201cPlus calorique que le foie gras\u201d : un m\u00e9decin alerte contre ce fruit sec qui peut vous faire grossir;elm:context_link;itc:0;sec:content-canvas\" class=\"link \">\u201cPlus calorique que le foie gras\u201d : un m\u00e9decin alerte contre ce fruit sec qui peut vous faire grossir<\/a><br \/><a href=\"https:\/\/www.topsante.com\/nutrition_et_recettes\/manger_equilibre\/jai-perdu-7-kilos-de-gras-apres-avoir-banni-ces-3-aliments-922481?utm_campaign=partenariat&amp;utm_source=yahoo-articles&amp;utm_medium=flux\" rel=\"nofollow noopener\" target=\"_blank\" data-ylk=\"slk:&quot;J\u2019ai perdu 7 kilos de gras apr\u00e8s avoir banni ces 3 aliments&quot;;elm:context_link;itc:0;sec:content-canvas\" class=\"link \">\u00ab\u00a0J\u2019ai perdu 7 kilos de gras apr\u00e8s avoir banni ces 3 aliments\u00a0\u00bb<\/a><br \/><a href=\"https:\/\/www.topsante.com\/medecine\/troubles_cardiovasculaires\/combien-de-minutes-de-marche-faut-il-faire-chaque-jour-pour-son-coeur-un-cardiologue-repond-precisement-921637?utm_campaign=partenariat&amp;utm_source=yahoo-articles&amp;utm_medium=flux\" rel=\"nofollow noopener\" target=\"_blank\" data-ylk=\"slk:Combien de minutes de marche faut-il faire chaque jour pour son coeur ? Un cardiologue r\u00e9pond pr\u00e9cis\u00e9ment;elm:context_link;itc:0;sec:content-canvas\" class=\"link \">Combien de minutes de marche faut-il faire chaque jour pour son coeur ? Un cardiologue r\u00e9pond pr\u00e9cis\u00e9ment<\/a><br \/><a href=\"https:\/\/www.topsante.com\/nutrition_et_recettes\/alerte-sante-ces-aliments-du-quotidien-multiplient-le-risque-davc-de-crise-cardiaque-et-de-diabete-923847?utm_campaign=partenariat&amp;utm_source=yahoo-articles&amp;utm_medium=flux\" rel=\"nofollow noopener\" target=\"_blank\" data-ylk=\"slk:Alerte sant\u00e9 : ces aliments du quotidien multiplient le risque d\u2019AVC, de crise cardiaque et de diab\u00e8te;elm:context_link;itc:0;sec:content-canvas\" class=\"link \">Alerte sant\u00e9 : ces aliments du quotidien multiplient le risque d\u2019AVC, de crise cardiaque et de diab\u00e8te<\/a><\/p>\n","protected":false},"excerpt":{"rendered":"Le cancer du pancr\u00e9as, qui tue pr\u00e8s de 90 % des patients dans les cinq ans suivant le&hellip;\n","protected":false},"author":2,"featured_media":314378,"comment_status":"","ping_status":"","sticky":false,"template":"","format":"standard","meta":{"footnotes":""},"categories":[10],"tags":[1011,27,72,71],"class_list":{"0":"post-314377","1":"post","2":"type-post","3":"status-publish","4":"format-standard","5":"has-post-thumbnail","7":"category-sante","8":"tag-fr","9":"tag-france","10":"tag-health","11":"tag-sante"},"share_on_mastodon":{"url":"https:\/\/pubeurope.com\/@fr\/115016911059012950","error":""},"_links":{"self":[{"href":"https:\/\/www.europesays.com\/fr\/wp-json\/wp\/v2\/posts\/314377","targetHints":{"allow":["GET"]}}],"collection":[{"href":"https:\/\/www.europesays.com\/fr\/wp-json\/wp\/v2\/posts"}],"about":[{"href":"https:\/\/www.europesays.com\/fr\/wp-json\/wp\/v2\/types\/post"}],"author":[{"embeddable":true,"href":"https:\/\/www.europesays.com\/fr\/wp-json\/wp\/v2\/users\/2"}],"replies":[{"embeddable":true,"href":"https:\/\/www.europesays.com\/fr\/wp-json\/wp\/v2\/comments?post=314377"}],"version-history":[{"count":0,"href":"https:\/\/www.europesays.com\/fr\/wp-json\/wp\/v2\/posts\/314377\/revisions"}],"wp:featuredmedia":[{"embeddable":true,"href":"https:\/\/www.europesays.com\/fr\/wp-json\/wp\/v2\/media\/314378"}],"wp:attachment":[{"href":"https:\/\/www.europesays.com\/fr\/wp-json\/wp\/v2\/media?parent=314377"}],"wp:term":[{"taxonomy":"category","embeddable":true,"href":"https:\/\/www.europesays.com\/fr\/wp-json\/wp\/v2\/categories?post=314377"},{"taxonomy":"post_tag","embeddable":true,"href":"https:\/\/www.europesays.com\/fr\/wp-json\/wp\/v2\/tags?post=314377"}],"curies":[{"name":"wp","href":"https:\/\/api.w.org\/{rel}","templated":true}]}}