{"id":314381,"date":"2025-08-12T17:13:11","date_gmt":"2025-08-12T17:13:11","guid":{"rendered":"https:\/\/www.europesays.com\/fr\/314381\/"},"modified":"2025-08-12T17:13:11","modified_gmt":"2025-08-12T17:13:11","slug":"pierre-coville-demi-finaliste-a-incroyable-talent-et-tres-grand-ami-de-brigitte-bardot-est-mort","status":"publish","type":"post","link":"https:\/\/www.europesays.com\/fr\/314381\/","title":{"rendered":"Pierre Coville, demi-finaliste \u00e0 \u00ab\u00a0Incroyable talent\u00a0\u00bb et tr\u00e8s grand ami de Brigitte Bardot, est mort"},"content":{"rendered":"<p>      R\u00e9sum\u00e9<\/p>\n<p>Pierre Coville, demi-finaliste d&rsquo;Incroyable talent et ami proche de Brigitte Bardot, est d\u00e9c\u00e9d\u00e9 \u00e0 93 ans apr\u00e8s une vie riche entre cabaret, art et amiti\u00e9s c\u00e9l\u00e8bres.<\/p>\n<p>        Sommaire<\/p>\n<p>Il avait \u00e9merveill\u00e9 petits et grands lors de sa participation \u00e0 <a href=\"https:\/\/www.public.fr\/tag\/la-france-a-un-incroyable-talent\" target=\"_blank\" rel=\"noopener\">la quinzi\u00e8me saison de LFAUIT sur M6<\/a>. En 2020, alors \u00e2g\u00e9 de 88 ans, <strong>Pierre Coville s&rsquo;\u00e9tait hiss\u00e9 jusqu&rsquo;\u00e0 la demi-finale du concours<\/strong>. Aujourd&rsquo;hui, ceux qu&rsquo;il a tant fait rire le pleurent. Pierre, illustre personnage de Montfort-L\u2019Amaury pr\u00e8s de Rambouillet, n&rsquo;est plus. Comme r\u00e9v\u00e9l\u00e9 par Le Parisien, le nonag\u00e9naire <strong>s&rsquo;est \u00e9teint dans son sommeil ce samedi 9 ao\u00fbt<\/strong>. Il avait 93 ans, et se battait depuis des ann\u00e9es contre la maladie.<\/p>\n<p>Ic\u00f4ne des Yvelines, <strong>Pierre Coville \u00e9tait aussi l&rsquo;ami des stars<\/strong>. L&rsquo;homme, mort dans son sommeil \u00e0 l&rsquo;h\u00f4pital de Rambouillet apr\u00e8s avoir combattu deux cancers, avait ouvert son propre cabaret au d\u00e9but des ann\u00e9es 1990, Chez Coville. L&rsquo;ami des stars avait auparavant \u00e9t\u00e9 antiquaire, directeur de galerie d&rsquo;art et capitaine des pompiers. <strong>Mille vies en une pour ce nonag\u00e9naire que connaissait tr\u00e8s bien Brigitte Bardot<\/strong>. Les deux amis ont grandi ensemble, et ne se sont jamais perdus de vue\u2026<\/p>\n<p>Toutes les stars venaient chez Pierre Coville<\/p>\n<p>D&rsquo;apr\u00e8s Jean-Fran\u00e7ois Guyot, journaliste \u00e0 l&rsquo;AFP, Brigitte Bardot est tr\u00e8s affect\u00e9e par la disparition de son \u00e9ternel ami d&rsquo;enfance.<strong> \u00ab\u00a0Un ami formidable. Brigitte est tr\u00e8s affect\u00e9e. Elle pense tr\u00e8s fort \u00e0 Pierre\u00a0\u00bb<\/strong> a fait savoir sa fondation. Les deux amis ont toujours gard\u00e9 de pr\u00e9cieux liens. Ils n&rsquo;habitaient qu&rsquo;\u00e0 quelques kilom\u00e8tres de distance. Au d\u00e9but des ann\u00e9es 1990, elle r\u00e9pond favorablement \u00e0 son invitation lorsque Pierre Coville lui demande devenir voir son cabaret. <strong>Mieux encore, elle lui ouvre son carnet de stars<\/strong>.<\/p>\n<p>C&rsquo;est ainsi que les Gipsy King viennent se produire les premiers, puis Jean-Jacques Debout, William Sheller\u2026 <a href=\"https:\/\/www.public.fr\/didier-barbelivien-victime-dune-septicemie-foudroyante-le-chanteur-sest-vu-mourir\" target=\"_blank\" rel=\"noopener\">Didier Barbelivien<\/a>, Michel Delpech, Georges Moustaki et <a href=\"https:\/\/vsd.fr\/74972-il-ne-faut-pas-crier-victoire-trop-vite-florent-pagny-donne-de-ses-nouvelles-apres-ses-derniers-controles\/\" target=\"_blank\" rel=\"noopener\">Florent Pagny<\/a> sont ensuite venus. <strong>Brigitte Lahaie l&rsquo;a bien connu aussi, et est venue plus d&rsquo;une fois dans son cabaret<\/strong>. Tous pleurent aujourd&rsquo;hui ce grand nom du cabaret parisien. La c\u00e9r\u00e9monie religieuse se d\u00e9roulera \u00e0 l\u2019\u00e9glise Saint-Pierre. <strong>La date des obs\u00e8ques, elle, n&rsquo;a pas encore \u00e9t\u00e9 communiqu\u00e9e<\/strong>.<\/p>\n<p>      Mentionn\u00e9s dans cet article<\/p>\n<p>      Sur le m\u00eame sujet<\/p>\n","protected":false},"excerpt":{"rendered":"R\u00e9sum\u00e9 Pierre Coville, demi-finaliste d&rsquo;Incroyable talent et ami proche de Brigitte Bardot, est d\u00e9c\u00e9d\u00e9 \u00e0 93 ans apr\u00e8s&hellip;\n","protected":false},"author":2,"featured_media":314382,"comment_status":"","ping_status":"","sticky":false,"template":"","format":"standard","meta":{"footnotes":""},"categories":[8],"tags":[20224,26614,58,59,1011,27,5366,18],"class_list":{"0":"post-314381","1":"post","2":"type-post","3":"status-publish","4":"format-standard","5":"has-post-thumbnail","7":"category-divertissement","8":"tag-brigitte-bardot","9":"tag-brigitte-lahaie","10":"tag-divertissement","11":"tag-entertainment","12":"tag-fr","13":"tag-france","14":"tag-la-france-a-un-incroyable-talent","15":"tag-mort"},"share_on_mastodon":{"url":"https:\/\/pubeurope.com\/@fr\/115016918986692000","error":""},"_links":{"self":[{"href":"https:\/\/www.europesays.com\/fr\/wp-json\/wp\/v2\/posts\/314381","targetHints":{"allow":["GET"]}}],"collection":[{"href":"https:\/\/www.europesays.com\/fr\/wp-json\/wp\/v2\/posts"}],"about":[{"href":"https:\/\/www.europesays.com\/fr\/wp-json\/wp\/v2\/types\/post"}],"author":[{"embeddable":true,"href":"https:\/\/www.europesays.com\/fr\/wp-json\/wp\/v2\/users\/2"}],"replies":[{"embeddable":true,"href":"https:\/\/www.europesays.com\/fr\/wp-json\/wp\/v2\/comments?post=314381"}],"version-history":[{"count":0,"href":"https:\/\/www.europesays.com\/fr\/wp-json\/wp\/v2\/posts\/314381\/revisions"}],"wp:featuredmedia":[{"embeddable":true,"href":"https:\/\/www.europesays.com\/fr\/wp-json\/wp\/v2\/media\/314382"}],"wp:attachment":[{"href":"https:\/\/www.europesays.com\/fr\/wp-json\/wp\/v2\/media?parent=314381"}],"wp:term":[{"taxonomy":"category","embeddable":true,"href":"https:\/\/www.europesays.com\/fr\/wp-json\/wp\/v2\/categories?post=314381"},{"taxonomy":"post_tag","embeddable":true,"href":"https:\/\/www.europesays.com\/fr\/wp-json\/wp\/v2\/tags?post=314381"}],"curies":[{"name":"wp","href":"https:\/\/api.w.org\/{rel}","templated":true}]}}