{"id":314387,"date":"2025-08-12T17:16:11","date_gmt":"2025-08-12T17:16:11","guid":{"rendered":"https:\/\/www.europesays.com\/fr\/314387\/"},"modified":"2025-08-12T17:16:11","modified_gmt":"2025-08-12T17:16:11","slug":"kiev-dement-des-percees-russes-a-donetsk-mais-reconnait-des-infiltrations-dans-les-villes-de-pokrovsk-et-dobropillia","status":"publish","type":"post","link":"https:\/\/www.europesays.com\/fr\/314387\/","title":{"rendered":"Kiev d\u00e9ment des \u00ab\u00a0perc\u00e9es\u00a0\u00bb russes \u00e0 Donetsk, mais reconna\u00eet des \u00ab\u00a0infiltrations\u00a0\u00bb dans les villes de Pokrovsk et Dobropillia"},"content":{"rendered":"<p>   Des volontaires \u00e9trangers tu\u00e9s en Ukraine par un missile russe, rapporte le \u00ab\u00a0New York Times\u00a0\u00bb             <\/p>\n<p class=\"post__live-container--answer-text post__space-node\">Le <a href=\"https:\/\/www.nytimes.com\/2025\/08\/12\/world\/europe\/foreign-soldiers-ukraine-russia-missile-attack.html\" target=\"_blank\" rel=\"noopener nofollow\" title=\"Nouvelle fen\u00eatre\">New York Times<\/a> rapporte qu\u2019au moins une dizaine de volontaires \u00e9trangers de l\u2019arm\u00e9e ukrainienne ont \u00e9t\u00e9 tu\u00e9s le 21\u00a0juillet lorsqu\u2019un missile russe a frapp\u00e9 le r\u00e9fectoire d\u2019un camp d\u2019entra\u00eenement, pr\u00e8s de la ville de Kropyvnytsky, dans le centre de l\u2019Ukraine, dans l\u2019une des attaques les plus meurtri\u00e8res contre des combattants \u00e9trangers.<\/p>\n<p class=\"post__live-container--answer-text post__space-node\">L\u2019arm\u00e9e ukrainienne, qui ne reconna\u00eet qu\u2019occasionnellement les frappes de missiles sur des sites militaires, a confirm\u00e9 que l\u2019attaque avait tu\u00e9 et bless\u00e9 des soldats, mais n\u2019a pas donn\u00e9 de d\u00e9tails.<\/p>\n<p class=\"post__live-container--answer-text post__space-node\">Trois soldats, dont un t\u00e9moin de l\u2019attaque, ont d\u00e9crit une attaque qui a touch\u00e9 de recrues venues notamment des Etats-Unis, de Colombie, de Ta\u00efwan, du Danemark. La frappe a \u00e9galement mis le feu \u00e0 un d\u00e9p\u00f4t de munitions, d\u00e9clenchant une s\u00e9rie d\u2019explosions et projetant des d\u00e9bris et des \u00e9clats d\u2019obus alors que les survivants tentaient de porter secours aux bless\u00e9s.<\/p>\n<p class=\"post__live-container--answer-text post__space-node\">L\u2019arm\u00e9e russe vise r\u00e9guli\u00e8rement les centres d\u2019entra\u00eenement et les regroupements de l\u2019arm\u00e9e ukrainienne, comme en mars\u00a02022, \u00e0 <a href=\"https:\/\/www.nytimes.com\/2022\/03\/13\/world\/europe\/yavoriv-military-base-ukraine.html\" target=\"_blank\" rel=\"noopener nofollow\" title=\"Nouvelle fen\u00eatre\">Yavoriv<\/a>.<\/p>\n<p class=\"post__live-container--answer-text post__space-node\">Dans un message sur les r\u00e9seaux sociaux, le 1er\u00a0juillet, <a href=\"https:\/\/t.me\/osirskiy\/1202\" target=\"_blank\" rel=\"noopener nofollow\" title=\"Nouvelle fen\u00eatre\">Oleksandr Syrsky<\/a>, le commandant en chef des forces arm\u00e9es ukrainiennes, avait interdit la concentration de personnel et de mat\u00e9riel militaire, ainsi que l\u2019h\u00e9bergement de soldats dans des camps sous tentes dans les centres d\u2019entra\u00eenement pour les prot\u00e9ger contre les frappes de missiles russes.<\/p>\n<p class=\"post__live-container--answer-text post__space-node\">Le 21\u00a0mai, une <a href=\"https:\/\/www.lemonde.fr\/international\/live\/2025\/05\/24\/en-direct-guerre-en-ukraine-la-troisieme-etape-de-l-echange-de-prisonniers-negocie-a-istanbul-aura-lieu-dimanche-dit-volodymyr-zelensky_6606612_3210.html?#id-2364617\" target=\"_blank\" rel=\"noopener nofollow\" title=\"Nouvelle fen\u00eatre\">attaque de missile russe<\/a> a tu\u00e9 6\u00a0soldats ukrainiens et en a bless\u00e9 plus de dix autres sur un terrain d\u2019entra\u00eenement dans l\u2019oblast de Soumy, dans le nord-est de l\u2019Ukraine. Une <a href=\"https:\/\/www.lemonde.fr\/international\/article\/2025\/04\/14\/guerre-en-ukraine-la-frappe-meurtriere-sur-soumy-suscite-l-indignation-des-allies-de-kiev_6595756_3210.html\" target=\"_blank\" rel=\"noopener nofollow\" title=\"Nouvelle fen\u00eatre\">frappe meurtri\u00e8re sur Soumy<\/a>, le 13\u00a0avril, avait fait 35\u00a0morts et plus de 100\u00a0bless\u00e9s dans la ville. Elle visait \u00ab\u00a0les lieux d\u2019une r\u00e9union\u00a0\u00bb militaire, avait expliqu\u00e9 <a href=\"https:\/\/t.me\/mod_russia\/51302\" target=\"_blank\" rel=\"noopener nofollow\" title=\"Nouvelle fen\u00eatre\">l\u2019arm\u00e9e russe dans un communiqu\u00e9<\/a>.<\/p>\n<p class=\"post__live-container--answer-text post__space-node\">Dans le <a href=\"https:\/\/www.washingtonpost.com\/world\/2025\/04\/16\/ukraine-russia-sumy-missiles-strike\/\" target=\"_blank\" rel=\"noopener nofollow\" title=\"Nouvelle fen\u00eatre\">Washington Post<\/a>, un soldat ukrainien a racont\u00e9 qu\u2019il se trouvait dans le sous-sol d\u2019un b\u00e2timent universitaire et devait participer \u00e0 la c\u00e9r\u00e9monie lorsque les missiles sont tomb\u00e9s et ont fauch\u00e9 des civils. Le gouvernement ukrainien avait approuv\u00e9 le limogeage de Volodymyr Artioukh, le chef de l\u2019administration militaire r\u00e9gionale de Soumy, accus\u00e9 de n\u00e9gligence par certains responsables.<\/p>\n","protected":false},"excerpt":{"rendered":"Des volontaires \u00e9trangers tu\u00e9s en Ukraine par un missile russe, rapporte le \u00ab\u00a0New York Times\u00a0\u00bb Le New York&hellip;\n","protected":false},"author":2,"featured_media":313859,"comment_status":"","ping_status":"","sticky":false,"template":"","format":"standard","meta":{"footnotes":""},"categories":[5],"tags":[11,1011,27,14,12,28],"class_list":{"0":"post-314387","1":"post","2":"type-post","3":"status-publish","4":"format-standard","5":"has-post-thumbnail","7":"category-international","8":"tag-actualites","9":"tag-fr","10":"tag-france","11":"tag-international","12":"tag-news","13":"tag-world"},"share_on_mastodon":{"url":"https:\/\/pubeurope.com\/@fr\/115016930687426443","error":""},"_links":{"self":[{"href":"https:\/\/www.europesays.com\/fr\/wp-json\/wp\/v2\/posts\/314387","targetHints":{"allow":["GET"]}}],"collection":[{"href":"https:\/\/www.europesays.com\/fr\/wp-json\/wp\/v2\/posts"}],"about":[{"href":"https:\/\/www.europesays.com\/fr\/wp-json\/wp\/v2\/types\/post"}],"author":[{"embeddable":true,"href":"https:\/\/www.europesays.com\/fr\/wp-json\/wp\/v2\/users\/2"}],"replies":[{"embeddable":true,"href":"https:\/\/www.europesays.com\/fr\/wp-json\/wp\/v2\/comments?post=314387"}],"version-history":[{"count":0,"href":"https:\/\/www.europesays.com\/fr\/wp-json\/wp\/v2\/posts\/314387\/revisions"}],"wp:featuredmedia":[{"embeddable":true,"href":"https:\/\/www.europesays.com\/fr\/wp-json\/wp\/v2\/media\/313859"}],"wp:attachment":[{"href":"https:\/\/www.europesays.com\/fr\/wp-json\/wp\/v2\/media?parent=314387"}],"wp:term":[{"taxonomy":"category","embeddable":true,"href":"https:\/\/www.europesays.com\/fr\/wp-json\/wp\/v2\/categories?post=314387"},{"taxonomy":"post_tag","embeddable":true,"href":"https:\/\/www.europesays.com\/fr\/wp-json\/wp\/v2\/tags?post=314387"}],"curies":[{"name":"wp","href":"https:\/\/api.w.org\/{rel}","templated":true}]}}