{"id":314395,"date":"2025-08-12T17:21:12","date_gmt":"2025-08-12T17:21:12","guid":{"rendered":"https:\/\/www.europesays.com\/fr\/314395\/"},"modified":"2025-08-12T17:21:12","modified_gmt":"2025-08-12T17:21:12","slug":"nancy-trois-restaurants-cambrioles-dans-le-centre-ville-un-sdf-interpelle","status":"publish","type":"post","link":"https:\/\/www.europesays.com\/fr\/314395\/","title":{"rendered":"Nancy. Trois restaurants cambriol\u00e9s dans le centre-ville\u00a0: un SDF interpell\u00e9"},"content":{"rendered":"<p>Trois restaurants install\u00e9s <a href=\"https:\/\/www.estrepublicain.fr\/faits-divers-justice\/2023\/01\/21\/le-tigre-du-bengale-cambriole-deux-interpellations\" target=\"_blank\" rel=\"noopener\">rue des Mar\u00e9chaux,<\/a> dans le centre-ville de Nancy, ont \u00e9t\u00e9 cibl\u00e9s par un cambrioleur dimanche 10\u00a0ao\u00fbt, vers 5\u00a0h\u00a030. L\u2019individu s\u2019est introduit dans les locaux par effraction, en for\u00e7ant la porte d\u2019entr\u00e9e des commerces.<\/p>\n<p>Vol de fonds de caisse, ch\u00e8ques vacances, tickets-restaurant, ordinateur portable, appareil photo, bouteilles d\u2019alcool\u2026 Un <a href=\"https:\/\/www.estrepublicain.fr\/faits-divers-justice\/2023\/02\/08\/restaurant-cambriole-au-centre-ville-de-nancy-un-lourd-prejudice-pour-le-commercant\" target=\"_blank\" rel=\"noopener\">pr\u00e9judice important pour les restaurateurs<\/a> d\u2019autant que l\u2019un d\u2019eux a perdu de la marchandise stock\u00e9e au frais du fait d\u2019une porte laiss\u00e9e ouverte par le cambrioleur.<\/p>\n<p>  Avec la vid\u00e9osurveillance<\/p>\n<p>Les victimes d\u00e9posaient plainte et les investigations \u00e9taient confi\u00e9es aux enqu\u00eateurs de la brigade d\u2019atteintes aux biens (BAB) \u00e0 l\u2019h\u00f4tel de police de Nancy. L\u2019exploitation d\u2019images de la vid\u00e9osurveillance permettait d\u2019identifier un suspect, un homme sans domicile fixe (SDF) et sans-papiers. Son portrait \u00e9tait diffus\u00e9 aux patrouilles et c\u2019est un \u00e9quipage de la brigade anticriminalit\u00e9 qui, le jour des faits, interpellait le suspect rue Saint-Jean.<\/p>\n<p>\u00c2g\u00e9 de 45 ans, ce SDF \u00e9tait plac\u00e9 en garde \u00e0 vue et en d\u00e9pit des \u00e9l\u00e9ments qui l\u2019incriminaient, niait les faits reproch\u00e9s. Il \u00e9tait retrouv\u00e9 en possession d\u2019un t\u00e9l\u00e9phone portable vol\u00e9 dans le secteur de la rue Saint-Nicolas, propri\u00e9t\u00e9 d\u2019un individu victime d\u2019une lourde de chute.<\/p>\n<p>Des \u00e9l\u00e9ments permettaient \u00e9galement \u00e0 la BAB d\u2019impliquer le quadrag\u00e9naire dans le vol d\u2019un v\u00e9lo \u00e9lectrique commis le\u00a09\u00a0ao\u00fbt \u00e0 Nancy. L\u00e0 encore, le mis en cause niait en bloc. Il a \u00e9t\u00e9 remis en libert\u00e9 avec une convocation devant le tribunal correctionnel pour le 9\u00a0octobre. <\/p>\n","protected":false},"excerpt":{"rendered":"Trois restaurants install\u00e9s rue des Mar\u00e9chaux, dans le centre-ville de Nancy, ont \u00e9t\u00e9 cibl\u00e9s par un cambrioleur dimanche&hellip;\n","protected":false},"author":2,"featured_media":314396,"comment_status":"","ping_status":"","sticky":false,"template":"","format":"standard","meta":{"footnotes":""},"categories":[9635],"tags":[1111,11,271,272,1704,1777,674,274,1011,27,775,3457,1702,1703,12,25],"class_list":{"0":"post-314395","1":"post","2":"type-post","3":"status-publish","4":"format-standard","5":"has-post-thumbnail","7":"category-nancy","8":"tag-actu","9":"tag-actualites","10":"tag-crime","11":"tag-delit-et-contravention","12":"tag-edition-nancy-et-agglomeration","13":"tag-eu","14":"tag-europe","15":"tag-faits-divers-justice","16":"tag-fr","17":"tag-france","18":"tag-grand-est","19":"tag-meurthe-et-moselle","20":"tag-nancy","21":"tag-nancy-ville-54b","22":"tag-news","23":"tag-republique-francaise"},"share_on_mastodon":{"url":"https:\/\/pubeurope.com\/@fr\/115016950450912205","error":""},"_links":{"self":[{"href":"https:\/\/www.europesays.com\/fr\/wp-json\/wp\/v2\/posts\/314395","targetHints":{"allow":["GET"]}}],"collection":[{"href":"https:\/\/www.europesays.com\/fr\/wp-json\/wp\/v2\/posts"}],"about":[{"href":"https:\/\/www.europesays.com\/fr\/wp-json\/wp\/v2\/types\/post"}],"author":[{"embeddable":true,"href":"https:\/\/www.europesays.com\/fr\/wp-json\/wp\/v2\/users\/2"}],"replies":[{"embeddable":true,"href":"https:\/\/www.europesays.com\/fr\/wp-json\/wp\/v2\/comments?post=314395"}],"version-history":[{"count":0,"href":"https:\/\/www.europesays.com\/fr\/wp-json\/wp\/v2\/posts\/314395\/revisions"}],"wp:featuredmedia":[{"embeddable":true,"href":"https:\/\/www.europesays.com\/fr\/wp-json\/wp\/v2\/media\/314396"}],"wp:attachment":[{"href":"https:\/\/www.europesays.com\/fr\/wp-json\/wp\/v2\/media?parent=314395"}],"wp:term":[{"taxonomy":"category","embeddable":true,"href":"https:\/\/www.europesays.com\/fr\/wp-json\/wp\/v2\/categories?post=314395"},{"taxonomy":"post_tag","embeddable":true,"href":"https:\/\/www.europesays.com\/fr\/wp-json\/wp\/v2\/tags?post=314395"}],"curies":[{"name":"wp","href":"https:\/\/api.w.org\/{rel}","templated":true}]}}