{"id":314399,"date":"2025-08-12T17:24:14","date_gmt":"2025-08-12T17:24:14","guid":{"rendered":"https:\/\/www.europesays.com\/fr\/314399\/"},"modified":"2025-08-12T17:24:14","modified_gmt":"2025-08-12T17:24:14","slug":"top-14-1m91-pour-115kg-qui-est-ce-petit-gorgodze-qui-devrait-faire-du-bruit-a-toulon-cette-saison","status":"publish","type":"post","link":"https:\/\/www.europesays.com\/fr\/314399\/","title":{"rendered":"TOP 14. 1m91 pour 115kg : qui est ce \u00a0\u00bbpetit Gorgodze\u00a0\u00bb qui devrait faire du bruit \u00e0 Toulon cette saison ?"},"content":{"rendered":"<p>Amis du RCT, vous nous voyez d\u00e9sol\u00e9s de mettre encore en avant un de vos prot\u00e9g\u00e9s avant m\u00eame qu\u2019il n\u2019explose en <a href=\"https:\/\/www.lerugbynistere.fr\/championnats\/top-14\" ui-sref=\"app.competition({competitionId: 1})\" alt=\"Top 14\" data-route=\"app.competition\" data-param=\"competitionId\" data-id=\"1\" rel=\"nofollow noopener\" target=\"_blank\">Top 14<\/a>. Mais, maigreurs de l\u2019actualit\u00e9 rugbystique oblige, nous voici oblig\u00e9s d\u2019aller explorer ce qui se fait de mieux en NPC, en F\u00e9d\u00e9rale, en <a href=\"https:\/\/www.lerugbynistere.fr\/championnats\/nationale\" ui-sref=\"app.competition({competitionId: 80})\" alt=\"Nationale\" data-route=\"app.competition\" data-param=\"competitionId\" data-id=\"80\" rel=\"nofollow noopener\" target=\"_blank\">Nationale<\/a> et \u00e9videmment chez les Espoirs, aussi.<\/p>\n<p><a class=\"inserer_lien_article\" href=\"https:\/\/www.lerugbynistere.fr\/news\/comme-les-bleus-villiere-et-spring-ces-anciens-amateurs-qui-ont-debute-en-federale-1-avant-dacceder-au-top-14-0307251823.php\" data-id=\"45457\" data-route=\"app.article\" data-param=\"articleId\" ui-sref=\"app.article({articleId: 45457})\" alt=\"Comme les Bleus Villi\u00e8re et Spring, ces anciens amateurs qui ont d\u00e9but\u00e9 en F\u00e9d\u00e9rale 1 avant d\u2019acc\u00e9der au Top 14\" title=\"Comme les Bleus Villi\u00e8re et Spring, ces anciens amateurs qui ont d\u00e9but\u00e9 en F\u00e9d\u00e9rale 1 avant d\u2019acc\u00e9der au Top 14\" rel=\"nofollow noopener\" target=\"_blank\"><img decoding=\"async\" src=\"https:\/\/www.europesays.com\/fr\/wp-content\/uploads\/2025\/07\/yt-03-07-25-9107.jpg\" alt=\"Comme les Bleus Villi\u00e8re et Spring, ces anciens amateurs qui ont d\u00e9but\u00e9 en F\u00e9d\u00e9rale 1 avant d\u2019acc\u00e9der au Top 14\"\/>Comme les Bleus Villi\u00e8re et Spring, ces anciens amateurs qui ont d\u00e9but\u00e9 en F\u00e9d\u00e9rale 1 avant d\u2019acc\u00e9der au Top 14<\/a>A ce titre, dans la r\u00e9gion, cela fait des mois que revient \u00e0 nos oreilles le doux nom de Mikheili Shioshvili. Et ce depuis son arriv\u00e9e \u00e0 <a href=\"https:\/\/www.lerugbynistere.fr\/clubs\/rugby-club-toulonnais.php\" ui-sref=\"app.team({teamId: 28})\" alt=\"Toulon\" data-route=\"app.team\" data-param=\"teamId\" data-id=\"28\" rel=\"nofollow noopener\" target=\"_blank\">Toulon<\/a> l\u2019an dernier, et sa premi\u00e8re impressionnante face aux jeunes du MHR, combin\u00e9e de 2 <a href=\"https:\/\/www.lerugbynistere.fr\/videos\/essais.php\" ui-sref=\"app.tag\" alt=\"Essais\" data-route=\"app.tag\" data-param=\"slug\" data-id=\"essais\" rel=\"nofollow noopener\" target=\"_blank\">essais<\/a> et quelques <a href=\"https:\/\/www.lerugbynistere.fr\/videos\/plaquages.php\" ui-sref=\"app.tag\" alt=\"Plaquages\" data-route=\"app.tag\" data-param=\"slug\" data-id=\"plaquages\" rel=\"nofollow noopener\" target=\"_blank\">plaquages<\/a> impressionnants.<\/p>\n<\/p>\n<p>Il faut dire que physiquement, le poulagasse est en avance. \u00c0 tout juste 19 ans (il les a f\u00eat\u00e9s en juin), le G\u00e9orgien affiche (d\u00e9j\u00e0) des dimensions de videur de boite de nuit, avec ses 1m91 pour 115kg.<\/p>\n<p>Un guerrier lelo<\/p>\n<p>Explosif, rageur et surpuissant, l\u2019international U20 coche de nombreuses case du num\u00e9ro 8 percutant comme beaucoup les aiment. Lui qui s\u2019entra\u00eenait d\u00e9j\u00e0 r\u00e9guli\u00e8rement avec les pros du RCT la saison pass\u00e9e.<\/p>\n<p class=\"citation\">\u00c7a fait des mois qu\u2019on le pr\u00e9pare avec C\u00e9dric B\u00e9al. Je voulais le r\u00e9cup\u00e9rer assez t\u00f4t cette saison. Et avec C\u00e9dric, on a convenu que non. Il avait besoin de s\u2019adapter au jeu, de ne pas venir trop t\u00f4t. &#8211; Pierre Mignoni pour Var-Matin<\/p>\n<p>Si l\u2019international anglais <a href=\"https:\/\/www.lerugbynistere.fr\/fiches-joueurs\/zach-mercer.php\" ui-sref=\"app.player({playerId: 6716})\" alt=\"Zach Mercer\" data-route=\"app.player\" data-param=\"playerId\" data-id=\"6716\" rel=\"nofollow noopener\" target=\"_blank\">Zach Mercer<\/a> est \u00e9videmment arriv\u00e9 cette ann\u00e9e pour prendre le num\u00e9ro 8 du RCT, et que <a href=\"https:\/\/www.lerugbynistere.fr\/fiches-joueurs\/patrick-tuifua.php\" ui-sref=\"app.player({playerId: 15324})\" alt=\"Patrick Tuifua\" data-route=\"app.player\" data-param=\"playerId\" data-id=\"15324\" rel=\"nofollow noopener\" target=\"_blank\">Patrick Tuifua<\/a> arrive avec un statut b\u00e2ti chez les U20 fran\u00e7ais, Pierre Mignoni va loin concernant son animal g\u00e9orgien n\u00e9 en 2006.<\/p>\n<p class=\"citation\">Il est tr\u00e8s bien ! C\u2019est quelqu\u2019un que vous allez voir. Il fait partie des joueurs qui vont arriver et qui vont compter. Je pense qu\u2019il peut prendre le r\u00f4le de <a href=\"https:\/\/www.lerugbynistere.fr\/fiches-joueurs\/facundo-isa.php\" ui-sref=\"app.player({playerId: 5144})\" alt=\"Facundo Isa\" data-route=\"app.player\" data-param=\"playerId\" data-id=\"5144\" rel=\"nofollow noopener\" target=\"_blank\">Facundo Isa<\/a>. On verra bien.\u00a0<\/p>\n<p>Auteur d\u2019une saison XXL avec les Espoirs du RCT la saison pass\u00e9e et conclue sur une d\u00e9faite en finale face \u00e0 l\u2019UBB, il devrait en tout cas prendre du galon cette saison, comme d\u2019autres de ses co\u00e9quipiers de cette g\u00e9n\u00e9ration dor\u00e9e.<\/p>\n<p><a class=\"inserer_lien_article\" href=\"https:\/\/www.lerugbynistere.fr\/news\/il-me-faisait-un-peu-penser-a-owen-farrell-qui-est-ce-minot-so-british-qui-monte-du-cote-du-rct-0608251810.php\" data-id=\"45762\" data-route=\"app.article\" data-param=\"articleId\" ui-sref=\"app.article({articleId: 45762})\" alt=\"&#039;&#039;Il me faisait un peu penser \u00e0 Owen Farrell&#039;&#039; : qui est ce minot &#039;&#039;so british&#039;&#039; qui monte du c\u00f4t\u00e9 du RCT ?\" title=\"&#039;&#039;Il me faisait un peu penser \u00e0 Owen Farrell&#039;&#039; : qui est ce minot &#039;&#039;so british&#039;&#039; qui monte du c\u00f4t\u00e9 du RCT ?\" rel=\"nofollow noopener\" target=\"_blank\"><img decoding=\"async\" src=\"https:\/\/www.europesays.com\/fr\/wp-content\/uploads\/2025\/08\/1754568131_570_yt-06-08-25-8002.jpg\" alt=\"''Il me faisait un peu penser \u00e0 Owen Farrell'' : qui est ce minot ''so british'' qui monte du c\u00f4t\u00e9 du RCT ?\"\/>\u00a0\u00bbIl me faisait un peu penser \u00e0 Owen Farrell\u00a0\u00bb : qui est ce minot \u00a0\u00bbso british\u00a0\u00bb qui monte du c\u00f4t\u00e9 du RCT ?<\/a><\/p>\n<p>C\u2019est aussi ce que laisse \u00e0 penser ses prestations lors de la <a href=\"https:\/\/www.lerugbynistere.fr\/international\/coupe-du-monde-rugby\/\" ui-sref=\"app.competition({competitionId: 9})\" alt=\"Coupe du monde\" data-route=\"app.competition\" data-param=\"competitionId\" data-id=\"9\" rel=\"nofollow noopener\" target=\"_blank\">coupe du monde<\/a> U20, qu\u2019il a litt\u00e9ralement survol\u00e9 avec ses 7 essais inscrits en 5 matchs notamment. Bref, \u00ab\u00a0Misho\u00a0\u00bb, qui a beaucoup d\u2019un petit \u00ab\u00a0Mamuka Gordogze\u00a0\u00bb sur de nombreux points, est encore une force brute qu\u2019il faut polir.<\/p>\n<p><a class=\"inserer_lien_article\" href=\"https:\/\/www.lerugbynistere.fr\/videos\/video-coupe-monde-l-enorme-performance-defensive-georgie-mamuka-gorgodze-face-tonga-2309151257.php\" data-id=\"12519\" data-route=\"app.article\" data-param=\"articleId\" ui-sref=\"app.article({articleId: 12519})\" alt=\"VIDEO. Coupe du monde. L&#039;\u00e9norme performance d\u00e9fensive de la G\u00e9orgie de Mamuka Gorgodze face aux Tonga\" title=\"VIDEO. Coupe du monde. L&#039;\u00e9norme performance d\u00e9fensive de la G\u00e9orgie de Mamuka Gorgodze face aux Tonga\" rel=\"nofollow noopener\" target=\"_blank\"><img decoding=\"async\" src=\"https:\/\/www.europesays.com\/fr\/wp-content\/uploads\/2025\/08\/mamuka-gorgodze-a-decoupe-a-tour-de-bras-face-aux-tonga-2015-09-23.jpg\" alt=\"VIDEO. Coupe du monde. L'\u00e9norme performance d\u00e9fensive de la G\u00e9orgie de Mamuka Gorgodze face aux Tonga\"\/>VIDEO. Coupe du monde. L&rsquo;\u00e9norme performance d\u00e9fensive de la G\u00e9orgie de Mamuka Gorgodze face aux Tonga<\/a><\/p>\n<p>Mais nul doute que le Top 14 go\u00fbtera tr\u00e8s bient\u00f4t aux charges de taureau de ce gar\u00e7on qui, visiblement, poss\u00e8de un sacr\u00e9 go\u00fbt pour le chocolat\u2026<\/p>\n","protected":false},"excerpt":{"rendered":"Amis du RCT, vous nous voyez d\u00e9sol\u00e9s de mettre encore en avant un de vos prot\u00e9g\u00e9s avant m\u00eame&hellip;\n","protected":false},"author":2,"featured_media":314400,"comment_status":"","ping_status":"","sticky":false,"template":"","format":"standard","meta":{"footnotes":""},"categories":[9619],"tags":[1111,11,1777,674,1011,27,12,882,25,2310],"class_list":{"0":"post-314399","1":"post","2":"type-post","3":"status-publish","4":"format-standard","5":"has-post-thumbnail","7":"category-toulon","8":"tag-actu","9":"tag-actualites","10":"tag-eu","11":"tag-europe","12":"tag-fr","13":"tag-france","14":"tag-news","15":"tag-provence-alpes-cote-dazur","16":"tag-republique-francaise","17":"tag-toulon"},"share_on_mastodon":{"url":"https:\/\/pubeurope.com\/@fr\/115016962128572235","error":""},"_links":{"self":[{"href":"https:\/\/www.europesays.com\/fr\/wp-json\/wp\/v2\/posts\/314399","targetHints":{"allow":["GET"]}}],"collection":[{"href":"https:\/\/www.europesays.com\/fr\/wp-json\/wp\/v2\/posts"}],"about":[{"href":"https:\/\/www.europesays.com\/fr\/wp-json\/wp\/v2\/types\/post"}],"author":[{"embeddable":true,"href":"https:\/\/www.europesays.com\/fr\/wp-json\/wp\/v2\/users\/2"}],"replies":[{"embeddable":true,"href":"https:\/\/www.europesays.com\/fr\/wp-json\/wp\/v2\/comments?post=314399"}],"version-history":[{"count":0,"href":"https:\/\/www.europesays.com\/fr\/wp-json\/wp\/v2\/posts\/314399\/revisions"}],"wp:featuredmedia":[{"embeddable":true,"href":"https:\/\/www.europesays.com\/fr\/wp-json\/wp\/v2\/media\/314400"}],"wp:attachment":[{"href":"https:\/\/www.europesays.com\/fr\/wp-json\/wp\/v2\/media?parent=314399"}],"wp:term":[{"taxonomy":"category","embeddable":true,"href":"https:\/\/www.europesays.com\/fr\/wp-json\/wp\/v2\/categories?post=314399"},{"taxonomy":"post_tag","embeddable":true,"href":"https:\/\/www.europesays.com\/fr\/wp-json\/wp\/v2\/tags?post=314399"}],"curies":[{"name":"wp","href":"https:\/\/api.w.org\/{rel}","templated":true}]}}