{"id":314405,"date":"2025-08-12T17:29:11","date_gmt":"2025-08-12T17:29:11","guid":{"rendered":"https:\/\/www.europesays.com\/fr\/314405\/"},"modified":"2025-08-12T17:29:11","modified_gmt":"2025-08-12T17:29:11","slug":"un-homme-grievement-blesse-et-la-circulation-coupee","status":"publish","type":"post","link":"https:\/\/www.europesays.com\/fr\/314405\/","title":{"rendered":"un homme gri\u00e8vement bless\u00e9 et la circulation coup\u00e9e"},"content":{"rendered":"<p>            Par<br \/>\n        <strong><br \/>\n            <a href=\"https:\/\/actu.fr\/auteur\/fmass\" title=\"Consulter tous les articles de Fabien Massin\" target=\"_blank\" rel=\"noopener\">Fabien Massin<\/a><br \/>\n        <\/strong><\/p>\n<p>        Publi\u00e9 le<\/p>\n<p>            12 ao\u00fbt 2025 \u00e0 19h05<br \/>\n        ; mis \u00e0 jour le 12 ao\u00fbt 2025 \u00e0 19h17    <\/p>\n<p>Mardi 12 ao\u00fbt 2025, un accident de la circulation s\u2019est produit sur <a href=\"https:\/\/actu.fr\/tag\/autoroute-28-a28\" target=\"_blank\" rel=\"noopener\">l\u2019autoroute A28<\/a> \u00e0 proximit\u00e9 de <a href=\"https:\/\/actu.fr\/normandie\/rouen_76540\" target=\"_blank\" rel=\"noopener\">Rouen (Seine-Maritime)<\/a>.\u00a0<\/p>\n<p>Un homme dans un \u00e9tat grave<\/p>\n<p class=\" wall-content\">Un poids lourd est impliqu\u00e9 dans l\u2019accident, survenu dans le sens<strong> Rouen-Isneauville<\/strong> au niveau de la commune Bois-Guillaume, informent<a href=\"https:\/\/www.bison-fute.gouv.fr\/rouen,10267.html\" target=\"_blank\" rel=\"noopener\"> Bison F\u00fbt\u00e9<\/a> et la Dirno (direction interd\u00e9partementale des routes Nord-Ouest). Le v\u00e9hicule a percut\u00e9 la glissi\u00e8re de s\u00e9curit\u00e9.\u00a0<\/p>\n<p class=\" wall-content\"><strong>Un homme de 60 ans en \u00e9tat grave<\/strong> a \u00e9t\u00e9 pris en charge par les secours et transport\u00e9 \u00e0 l\u2019h\u00f4pital du secteur, indique le Sdis (service d\u00e9partemental d\u2019incendie et de secours).\u00a0<\/p>\n<p class=\" wall-content\">Il en r\u00e9sulte une <strong>\u00ab\u00a0neutralisation totale des voies de circulation\u00a0\u00bb<\/strong> et une d\u00e9viation par la RD 928 au niveau de l\u2019\u00e9changeur de la Ronce.<\/p>\n<p>Suivez l\u2019actualit\u00e9 de Rouen sur notre <a href=\"https:\/\/www.whatsapp.com\/channel\/0029VaKfnf99hXF2ddApFB1D\" target=\"_blank\" rel=\"noopener\">cha\u00eene WhatsApp<\/a> et sur notre <a href=\"https:\/\/www.tiktok.com\/@76actu.fr?lang=fr\" target=\"_blank\" rel=\"noopener\">compte TikTok<\/a><\/p>\n<p class=\" wall-content\">Suivez toute l\u2019actualit\u00e9 de vos villes et m\u00e9dias favoris en vous inscrivant \u00e0 <a href=\"https:\/\/moncompte.actu.fr\" title=\"D\u00e9couvez Mon Actu\" rel=\"nofollow noopener\" data-trk=\"{&quot;cta&quot;:{&quot;action&quot;:&quot;https:\\\/\\\/moncompte.actu.fr&quot;,&quot;category&quot;:&quot;mon compte&quot;,&quot;from&quot;:&quot;article footer&quot;,&quot;name&quot;:&quot;Mon actu&quot;,&quot;type&quot;:&quot;cta&quot;}}\" target=\"_blank\">Mon Actu<\/a>.<\/p>\n<p>                    <script async src=\"\/\/www.tiktok.com\/embed.js\"><\/script><\/p>\n","protected":false},"excerpt":{"rendered":"Par Fabien Massin Publi\u00e9 le 12 ao\u00fbt 2025 \u00e0 19h05 ; mis \u00e0 jour le 12 ao\u00fbt 2025&hellip;\n","protected":false},"author":2,"featured_media":314406,"comment_status":"","ping_status":"","sticky":false,"template":"","format":"standard","meta":{"footnotes":""},"categories":[9587],"tags":[1111,11,9611,6427,1777,674,118,1011,27,803,12,5161,25,9590],"class_list":{"0":"post-314405","1":"post","2":"type-post","3":"status-publish","4":"format-standard","5":"has-post-thumbnail","7":"category-rouen","8":"tag-actu","9":"tag-actualites","10":"tag-autoroute-28-a28","11":"tag-bison-fute","12":"tag-eu","13":"tag-europe","14":"tag-faits-divers","15":"tag-fr","16":"tag-france","17":"tag-info-trafic","18":"tag-news","19":"tag-normandie","20":"tag-republique-francaise","21":"tag-rouen"},"share_on_mastodon":{"url":"https:\/\/pubeurope.com\/@fr\/115016981767576299","error":""},"_links":{"self":[{"href":"https:\/\/www.europesays.com\/fr\/wp-json\/wp\/v2\/posts\/314405","targetHints":{"allow":["GET"]}}],"collection":[{"href":"https:\/\/www.europesays.com\/fr\/wp-json\/wp\/v2\/posts"}],"about":[{"href":"https:\/\/www.europesays.com\/fr\/wp-json\/wp\/v2\/types\/post"}],"author":[{"embeddable":true,"href":"https:\/\/www.europesays.com\/fr\/wp-json\/wp\/v2\/users\/2"}],"replies":[{"embeddable":true,"href":"https:\/\/www.europesays.com\/fr\/wp-json\/wp\/v2\/comments?post=314405"}],"version-history":[{"count":0,"href":"https:\/\/www.europesays.com\/fr\/wp-json\/wp\/v2\/posts\/314405\/revisions"}],"wp:featuredmedia":[{"embeddable":true,"href":"https:\/\/www.europesays.com\/fr\/wp-json\/wp\/v2\/media\/314406"}],"wp:attachment":[{"href":"https:\/\/www.europesays.com\/fr\/wp-json\/wp\/v2\/media?parent=314405"}],"wp:term":[{"taxonomy":"category","embeddable":true,"href":"https:\/\/www.europesays.com\/fr\/wp-json\/wp\/v2\/categories?post=314405"},{"taxonomy":"post_tag","embeddable":true,"href":"https:\/\/www.europesays.com\/fr\/wp-json\/wp\/v2\/tags?post=314405"}],"curies":[{"name":"wp","href":"https:\/\/api.w.org\/{rel}","templated":true}]}}