{"id":314411,"date":"2025-08-12T17:32:13","date_gmt":"2025-08-12T17:32:13","guid":{"rendered":"https:\/\/www.europesays.com\/fr\/314411\/"},"modified":"2025-08-12T17:32:13","modified_gmt":"2025-08-12T17:32:13","slug":"a-rennes-pour-preserver-la-ressource-en-eau-fini-les-megapiscines","status":"publish","type":"post","link":"https:\/\/www.europesays.com\/fr\/314411\/","title":{"rendered":"\u00c0 Rennes, pour pr\u00e9server la ressource en eau, fini les m\u00e9gapiscines"},"content":{"rendered":"<p class=\"paragraph text_align_left lp-f-body-02\">Le chantier a d\u00e9marr\u00e9 au mois de juin. Il ne reste plus que l\u2019\u00e9tanch\u00e9it\u00e9 \u00e0 faire, avant le remplissage du bassin. Demain, J\u00e9r\u00e9mie sera en vacances et il a h\u00e2te de pouvoir enfin profiter de <a href=\"https:\/\/www.leparisien.fr\/val-d-oise-95\/val-doise-malgre-la-crise-les-projets-de-construction-de-piscines-ne-tombent-pas-a-leau-25-09-2022-R73H6HS6KZBT7LTY5DJLP5G4PM.php\" target=\"_self\" rel=\"noopener\">sa toute nouvelle piscine<\/a> avec sa femme et ses deux enfants de 4 et 8 ans. \u00ab En achetant notre maison l\u2019ann\u00e9e derni\u00e8re, on a tout de suite vu le potentiel du terrain. Mine de rien, <a href=\"https:\/\/www.leparisien.fr\/environnement\/climat\/vagues-de-chaleur-nuits-tropicales-visualisez-linquietant-rechauffement-de-nos-etes-depuis-trente-ans-20-06-2025-ZFPSUGWFMVD2TAA4DZEJMWDF7Y.php\" target=\"_self\" rel=\"noopener\">les \u00e9t\u00e9s sont de plus en plus chauds<\/a> ici, alors pourquoi ne pas construire une piscine. L\u2019un de mes voisins en a une \u00bb, raconte cet habitant de G\u00e9vez\u00e9, pr\u00e8s de Rennes (<a href=\"https:\/\/www.leparisien.fr\/ille-et-vilaine-35\/\" target=\"_self\" rel=\"noopener\">Ille-et-Vilaine<\/a>).<\/p>\n<p class=\"paragraph text_align_left lp-f-body-02\">Il n\u2019a pas h\u00e9sit\u00e9 \u00e0 d\u00e9bourser 40 000 euros pour ce bassin enterr\u00e9 de 6 m de longueur sur 3 m de largeur pour 1,45 m de profondeur. Soit un volume d\u2019eau de 25 m3, la taille limite qu\u2019il ne sera plus possible de d\u00e9passer \u00e0 partir de septembre.<\/p>\n","protected":false},"excerpt":{"rendered":"Le chantier a d\u00e9marr\u00e9 au mois de juin. Il ne reste plus que l\u2019\u00e9tanch\u00e9it\u00e9 \u00e0 faire, avant le&hellip;\n","protected":false},"author":2,"featured_media":314412,"comment_status":"","ping_status":"","sticky":false,"template":"","format":"standard","meta":{"footnotes":""},"categories":[2821],"tags":[1111,917,11,829,459,436,1777,674,1011,27,12,584,25],"class_list":{"0":"post-314411","1":"post","2":"type-post","3":"status-publish","4":"format-standard","5":"has-post-thumbnail","7":"category-rennes","8":"tag-actu","9":"tag-actu-locale","10":"tag-actualites","11":"tag-bretagne","12":"tag-departements-horsidfo","13":"tag-environnement","14":"tag-eu","15":"tag-europe","16":"tag-fr","17":"tag-france","18":"tag-news","19":"tag-rennes","20":"tag-republique-francaise"},"share_on_mastodon":{"url":"https:\/\/pubeurope.com\/@fr\/115016993698551151","error":""},"_links":{"self":[{"href":"https:\/\/www.europesays.com\/fr\/wp-json\/wp\/v2\/posts\/314411","targetHints":{"allow":["GET"]}}],"collection":[{"href":"https:\/\/www.europesays.com\/fr\/wp-json\/wp\/v2\/posts"}],"about":[{"href":"https:\/\/www.europesays.com\/fr\/wp-json\/wp\/v2\/types\/post"}],"author":[{"embeddable":true,"href":"https:\/\/www.europesays.com\/fr\/wp-json\/wp\/v2\/users\/2"}],"replies":[{"embeddable":true,"href":"https:\/\/www.europesays.com\/fr\/wp-json\/wp\/v2\/comments?post=314411"}],"version-history":[{"count":0,"href":"https:\/\/www.europesays.com\/fr\/wp-json\/wp\/v2\/posts\/314411\/revisions"}],"wp:featuredmedia":[{"embeddable":true,"href":"https:\/\/www.europesays.com\/fr\/wp-json\/wp\/v2\/media\/314412"}],"wp:attachment":[{"href":"https:\/\/www.europesays.com\/fr\/wp-json\/wp\/v2\/media?parent=314411"}],"wp:term":[{"taxonomy":"category","embeddable":true,"href":"https:\/\/www.europesays.com\/fr\/wp-json\/wp\/v2\/categories?post=314411"},{"taxonomy":"post_tag","embeddable":true,"href":"https:\/\/www.europesays.com\/fr\/wp-json\/wp\/v2\/tags?post=314411"}],"curies":[{"name":"wp","href":"https:\/\/api.w.org\/{rel}","templated":true}]}}