{"id":314413,"date":"2025-08-12T17:33:14","date_gmt":"2025-08-12T17:33:14","guid":{"rendered":"https:\/\/www.europesays.com\/fr\/314413\/"},"modified":"2025-08-12T17:33:14","modified_gmt":"2025-08-12T17:33:14","slug":"valentin-rongier-repond-aux-supporters-du-stade-rennais","status":"publish","type":"post","link":"https:\/\/www.europesays.com\/fr\/314413\/","title":{"rendered":"Valentin Rongier r\u00e9pond aux supporters du Stade Rennais"},"content":{"rendered":"<p>            Par<br \/>\n        <strong><br \/>\n            <a href=\"https:\/\/actu.fr\/auteur\/clemence-pays02-actu-fr\" title=\"Consulter tous les articles de Cl\u00e9mence Pays\" rel=\"nofollow noopener\" target=\"_blank\">Cl\u00e9mence Pays<\/a><br \/>\n        <\/strong><\/p>\n<p>        Publi\u00e9 le<\/p>\n<p>            12 ao\u00fbt 2025 \u00e0 18h23        <\/p>\n<p>\u00ab\u2009Bienvenue \u00e0 toi\u2009\u00bb\u2009; \u00ab\u2009\u00c0 toi de mettre tout le monde d\u2019accord sur le terrain\u2009\u00bb\u2026 Sur les r\u00e9seaux sociaux, l\u2019arriv\u00e9e de <strong>Valentin Rongier<\/strong> a satisfait une partie des supporters rennais. Elle a aussi suscit\u00e9 la col\u00e8re de certains, tant du c\u00f4t\u00e9 de Rennes que de Nantes. Des r\u00e9actions anticip\u00e9es par la communication du <a href=\"https:\/\/actu.fr\/tag\/stade-rennais\" rel=\"nofollow noopener\" target=\"_blank\">Stade Rennais F.C.<\/a> qui a souhait\u00e9 d\u00e9samorcer cette petite bombe au sein du derby <a href=\"https:\/\/actu.fr\/bretagne\/rennes_35238\/merci-pour-ce-beau-cadeau-pourquoi-le-stade-rennais-a-offert-une-chevre-a-sa-premiere-recrue-du-mercato_62943538.html\" rel=\"nofollow noopener\" target=\"_blank\">en offrant une ch\u00e8vre \u00e0 l\u2019ancien joueur du FC Nantes<\/a>. 24\u00a0heures plus tard, c\u2019est un autre joueur form\u00e9 \u00e0 Nantes qui a officialis\u00e9 son arriv\u00e9e \u00e0 Rennes\u2009: <strong>Quentin Merlin.<\/strong><\/p>\n<p class=\" wall-content\">Lundi 11\u00a0ao\u00fbt 2025, les deux anciens <strong>Jaune et Vert<\/strong> \u2013 ainsi que <strong>Przemys\u0142aw Frankowski,<\/strong> la troisi\u00e8me recrue du Stade Rennais F.C \u2013 ont \u00e9t\u00e9 pr\u00e9sent\u00e9s \u00e0 la presse. L\u2019occasion pour eux de balayer d\u2019un revers de main les critiques.<\/p>\n<p>Nantes\u2009? \u00ab\u2009Pas un frein\u2009\u00bb<\/p>\n<p class=\" wall-content\">Pour Quentin Merlin, ses origines nantaises n\u2019ont pas \u00e9t\u00e9 \u00ab\u2009un frein\u2009\u00bb. \u00ab\u2009J\u2019\u00e9tais <strong>conscient que cela allait d\u00e9plaire<\/strong> aux supporters de Nantes.\u2009\u00bb De son c\u00f4t\u00e9, Valentin Rongier \u00ab\u2009ne veut pas entrer dans la pol\u00e9mique\u2009\u00bb avec le FC Nantes. Il assure n\u2019avoir <strong>\u00ab\u2009aucun regret\u2009\u00bb<\/strong> et a m\u00fbrement r\u00e9fl\u00e9chi \u00ab\u2009pendant des semaines\u2009\u00bb avant de prendre sa d\u00e9cision.<\/p>\n<blockquote class=\"ac-article-quote wall-content\">\n<p>Pour moi c&rsquo;est le sportif qui prime. [&#8230;] C&rsquo;est ma carri\u00e8re, je la g\u00e8re comme je l&rsquo;entends.<\/p>\n<p>    <strong>Valentin Rongier<\/strong><br \/>\n        Joueur du Stade Rennais F.C.    <\/p><\/blockquote>\n<p class=\" wall-content\">Comment sera-t-il accueilli au <a href=\"https:\/\/actu.fr\/tag\/roazhon-park\" rel=\"nofollow noopener\" target=\"_blank\">Roazhon Park<\/a>, <a href=\"https:\/\/actu.fr\/bretagne\/rennes_35238\/stade-rennais-om-c-est-bientot-le-premier-match-de-la-saison-voici-quand-la-billetterie-va-ouvrir_62991569.html\" rel=\"nofollow noopener\" target=\"_blank\">vendredi 15\u00a0ao\u00fbt<\/a>\u2009? \u00ab\u2009Je n\u2019en ai <strong>aucune id\u00e9e.<\/strong> [Les supporters] feront ce qu\u2019ils veulent faire\u2009\u00bb, r\u00e9torque le milieu de terrain qui pr\u00e9f\u00e8re se concentrer sur l\u2019avenir.<\/p>\n<p class=\" wall-content\"><a href=\"https:\/\/www.instagram.com\/p\/DNQ1R1HMi4J\/embed\" title=\"Ouvrir le lien sur Instagram\" rel=\"nofollow noopener\" target=\"_blank\">Visualiser le contenu sur Instagram<\/a><\/p>\n<p>Des retrouvailles avec l&rsquo;OM<\/p>\n<p>Pour la premi\u00e8re journ\u00e9e de Ligue 1, les Rouge et Noir affronteront l&rsquo;OM. \u00ab\u00a0Un clin d&rsquo;\u0153il\u00a0\u00bb pour Quentin Merlin qui a troqu\u00e9 la tunique jaune et verte pour celle de Marseille en janvier 2024. Pour lui, \u00ab\u00a0arriver \u00e0 Rennes apr\u00e8s l&rsquo;OM, ce n&rsquo;est pas une r\u00e9gression\u00a0\u00bb, mais \u00ab\u00a0un choix de carri\u00e8re pour aller plus loin\u00a0\u00bb.<br \/>Un premier match \u00ab\u00a0excitant\u00a0\u00bb \u00e9galement pour Valentin Rongier, apr\u00e8s six saisons pass\u00e9es \u00e0 Marseille. \u00ab\u00a0Ce sera un match particulier [&#8230;]. Mais on sera pr\u00eats \u00e0 tout donner !\u00a0\u00bb<\/p>\n<p>Valentin Rongier, futur leader des Rouge et Noir\u2009?<\/p>\n<p class=\" wall-content\">Arriv\u00e9 \u00e0 <strong>\u00ab\u2009la fin d\u2019un cycle\u2009\u00bb<\/strong> avec l\u2019<a href=\"https:\/\/actu.fr\/tag\/olympique-de-marseille-om\" rel=\"nofollow noopener\" target=\"_blank\">Olympique de Marseille<\/a>, Valentin Rongier s\u2019est fix\u00e9 un challenge commun \u00e0 <a href=\"https:\/\/actu.fr\/bretagne\/rennes_35238\/stade-rennais-l-arrivee-du-nouveau-directeur-sportif-loic-desire-officialisee_62654472.html\" rel=\"nofollow noopener\" target=\"_blank\">Lo\u00efc D\u00e9sir\u00e9, directeur sportif du club<\/a>\u2009: \u00ab\u2009ramener le club en <strong>coupe d\u2019Europe<\/strong> le plus rapidement possible\u2009\u00bb.<\/p>\n<blockquote class=\"ac-article-quote wall-content\">\n<p>Vu la qualit\u00e9 des joueurs [du Stade Rennais, N.D.L.R.], l&rsquo;\u00e9quipe doit finir dans le top 5 du championnat \u00e0 chaque saison.<\/p>\n<p>    <strong>Valentin Rongier<\/strong><br \/>\n        Joueur du Stade Rennais    <\/p><\/blockquote>\n<p class=\" wall-content\">Fort de son exp\u00e9rience professionnelle, le joueur souhaite <strong>apporter sa \u00ab\u2009maturit\u00e9\u2009\u00bb<\/strong> \u00e0 l\u2019\u00e9quipe et \u00ab\u2009aider les co\u00e9quipiers, surtout les plus jeunes, amener [sa] rigueur, [son] professionnalisme\u2009\u00bb.<\/p>\n<p class=\" wall-content\">Un r\u00f4le de mentor qu\u2019il se dit \u00ab\u2009pr\u00eat \u00e0 prendre\u2009\u00bb. \u00ab\u2009Je suis <strong>content d\u2019avoir cette responsabilit\u00e9,<\/strong> m\u00eame si cela met une pression, ce n\u2019est pas une pression n\u00e9gative.\u2009\u00bb<\/p>\n<p>Rennes \u00ab\u2009un choix facile\u2009\u00bb pour Przemys\u0142aw Frankowski<\/p>\n<p class=\" wall-content\">L\u2019autre recrue de la saison 2025-2026, c\u2019est Przemys\u0142aw Frankowski. <strong>Pr\u00eat\u00e9 pour une saison, avec option de prolongation,<\/strong> par le club turc Galatasaray, l\u2019international polonais esp\u00e8re \u00ab\u2009rester longtemps \u00e0 Rennes\u2009\u00bb.<\/p>\n<p>    <img   decoding=\"async\" loading=\"lazy\" src=\"https:\/\/www.europesays.com\/fr\/wp-content\/uploads\/2025\/08\/7-stade-rennais-roazhon-park-foot-ligue-1-rennes-quentin-merlin-valentin-rongier-przemyslaw-frankows.jpeg\" alt=\"Quentin Merlin, Valentin Rongier et Przemys\u0142aw Frankowski, on \u00e9t\u00e9 pr\u00e9sent\u00e9s aux m\u00e9dias, lundi 11 ao\u00fbt 2025, au Roazhon Park.\" width=\"960\" height=\"640\"\/><br \/>\n    Quentin Merlin, Valentin Rongier et Przemys\u0142aw Frankowski, ont \u00e9t\u00e9 pr\u00e9sent\u00e9s aux m\u00e9dias, lundi 11 ao\u00fbt 2025, au Roazhon Park. (\u00a9Cl\u00e9mence Pays\/actu Rennes)<\/p>\n<p class=\" wall-content\">\u00ab\u2009La ville, l\u2019ambiance au stade\u2009\u00bb, mais aussi les structures du club rennais lui ont \u00e9t\u00e9 pr\u00e9sent\u00e9es par Brice Samba, son ancien co\u00e9quipier au RC Lens. Des \u00e9l\u00e9ments qui l\u2019ont motiv\u00e9 \u00e0 rejoindre les Rouge et Noir, rendant son <strong>\u00ab\u2009choix facile\u2009\u00bb,<\/strong> alors qu\u2019il ne s\u2019\u00e9panouissait plus dans le syst\u00e8me de jeu (en 4-4-2) impos\u00e9 par son coach en Turquie. Une <strong>exp\u00e9rience \u00ab\u2009un peu difficile\u2009\u00bb,<\/strong> a confi\u00e9 Przemys\u0142aw Frankowski.<\/p>\n<p class=\" wall-content\">Suivez toute l\u2019actualit\u00e9 de vos villes et m\u00e9dias favoris en vous inscrivant \u00e0 <a href=\"https:\/\/moncompte.actu.fr\" title=\"D\u00e9couvez Mon Actu\" rel=\"nofollow noopener\" data-trk=\"{&quot;cta&quot;:{&quot;action&quot;:&quot;https:\\\/\\\/moncompte.actu.fr&quot;,&quot;category&quot;:&quot;mon compte&quot;,&quot;from&quot;:&quot;article footer&quot;,&quot;name&quot;:&quot;Mon actu&quot;,&quot;type&quot;:&quot;cta&quot;}}\" target=\"_blank\">Mon Actu<\/a>.<\/p>\n<p>                    <script async src=\"\/\/www.instagram.com\/embed.js\"><\/script><\/p>\n","protected":false},"excerpt":{"rendered":"Par Cl\u00e9mence Pays Publi\u00e9 le 12 ao\u00fbt 2025 \u00e0 18h23 \u00ab\u2009Bienvenue \u00e0 toi\u2009\u00bb\u2009; \u00ab\u2009\u00c0 toi de mettre tout&hellip;\n","protected":false},"author":2,"featured_media":314414,"comment_status":"","ping_status":"","sticky":false,"template":"","format":"standard","meta":{"footnotes":""},"categories":[2821],"tags":[1111,11,829,1777,674,462,63,1011,27,12,584,25,60,3087],"class_list":{"0":"post-314413","1":"post","2":"type-post","3":"status-publish","4":"format-standard","5":"has-post-thumbnail","7":"category-rennes","8":"tag-actu","9":"tag-actualites","10":"tag-bretagne","11":"tag-eu","12":"tag-europe","13":"tag-fc-nantes","14":"tag-football","15":"tag-fr","16":"tag-france","17":"tag-news","18":"tag-rennes","19":"tag-republique-francaise","20":"tag-sports","21":"tag-stade-rennais"},"share_on_mastodon":{"url":"https:\/\/pubeurope.com\/@fr\/115016997758057099","error":""},"_links":{"self":[{"href":"https:\/\/www.europesays.com\/fr\/wp-json\/wp\/v2\/posts\/314413","targetHints":{"allow":["GET"]}}],"collection":[{"href":"https:\/\/www.europesays.com\/fr\/wp-json\/wp\/v2\/posts"}],"about":[{"href":"https:\/\/www.europesays.com\/fr\/wp-json\/wp\/v2\/types\/post"}],"author":[{"embeddable":true,"href":"https:\/\/www.europesays.com\/fr\/wp-json\/wp\/v2\/users\/2"}],"replies":[{"embeddable":true,"href":"https:\/\/www.europesays.com\/fr\/wp-json\/wp\/v2\/comments?post=314413"}],"version-history":[{"count":0,"href":"https:\/\/www.europesays.com\/fr\/wp-json\/wp\/v2\/posts\/314413\/revisions"}],"wp:featuredmedia":[{"embeddable":true,"href":"https:\/\/www.europesays.com\/fr\/wp-json\/wp\/v2\/media\/314414"}],"wp:attachment":[{"href":"https:\/\/www.europesays.com\/fr\/wp-json\/wp\/v2\/media?parent=314413"}],"wp:term":[{"taxonomy":"category","embeddable":true,"href":"https:\/\/www.europesays.com\/fr\/wp-json\/wp\/v2\/categories?post=314413"},{"taxonomy":"post_tag","embeddable":true,"href":"https:\/\/www.europesays.com\/fr\/wp-json\/wp\/v2\/tags?post=314413"}],"curies":[{"name":"wp","href":"https:\/\/api.w.org\/{rel}","templated":true}]}}