{"id":314419,"date":"2025-08-12T17:36:12","date_gmt":"2025-08-12T17:36:12","guid":{"rendered":"https:\/\/www.europesays.com\/fr\/314419\/"},"modified":"2025-08-12T17:36:12","modified_gmt":"2025-08-12T17:36:12","slug":"nice-eric-ciotti-dans-le-viseur-de-la-justice-pour-de-troublants-fichiers-informatiques","status":"publish","type":"post","link":"https:\/\/www.europesays.com\/fr\/314419\/","title":{"rendered":"Nice. \u00c9ric Ciotti dans le viseur de la justice pour de troublants fichiers informatiques"},"content":{"rendered":"<p>            Par<br \/>\n        <strong><br \/>\n            <a href=\"https:\/\/actu.fr\/auteur\/ugo-maillard\" title=\"Consulter tous les articles de Ugo Maillard\" rel=\"nofollow noopener\" target=\"_blank\">Ugo Maillard<\/a><br \/>\n        <\/strong><\/p>\n<p>        Publi\u00e9 le<\/p>\n<p>            12 ao\u00fbt 2025 \u00e0 18h48        <\/p>\n<p>Une perquisition a \u00e9t\u00e9 men\u00e9e dans les locaux du Conseil d\u00e9partemental des <a href=\"https:\/\/actu.fr\/provence-alpes-cote-d-azur\/alpes-maritimes_06\" rel=\"nofollow noopener\" target=\"_blank\">Alpes-Maritimes<\/a>, le mardi 12\u00a0ao\u00fbt 2025. Les enqu\u00eateurs de la police judiciaire ont proc\u00e9d\u00e9 \u00e0 des recherches suite au signalement d\u2019un lanceur d\u2019alerte indiquant la pr\u00e9sence de<strong> fichiers informatiques potentiellement ill\u00e9gaux sur des Ni\u00e7ois<\/strong> influents.<\/p>\n<p class=\" wall-content\">Selon nos confr\u00e8res de <a href=\"https:\/\/www.liberation.fr\/politique\/flic-confession-juive-sourd-les-fichiers-trop-informes-deric-ciotti-sur-des-nicois-influents-20250812_NPESDV3YMVHELD3GC2S4BZT7V4\/\" rel=\"nofollow noopener\" target=\"_blank\">Lib\u00e9ration<\/a>, qui ont pu consulter la base de donn\u00e9es, ces fichiers appartiennent et ont \u00e9t\u00e9 constitu\u00e9s par les \u00e9quipes d\u2019<strong>\u00c9ric Ciotti<\/strong>, pr\u00e9sident du parti d\u2019extr\u00eame droite Union des droites pour la R\u00e9publique (UDR) et \u00e9galement pr\u00e9sident de la commission des finances du conseil d\u00e9partemental des Alpes-Maritimes.<\/p>\n<p class=\" wall-content\">Les \u00e9quipes du <strong>tr\u00e8s probable candidat<\/strong> aux \u00e9lections municipales \u00e0 <a href=\"https:\/\/actu.fr\/nice\/\" rel=\"nofollow noopener\" target=\"_blank\">Nice<\/a> en 2026 y mentionneraient notamment \u00ab\u2009l\u2019appartenance religieuse ou ethnique\u2009\u00bb, \u00ab\u2009la situation de handicap\u2009\u00bb et \u00ab\u2009la situation financi\u00e8re ou patrimoniale\u2009\u00bb des personnes recens\u00e9es.<\/p>\n<p>Des figures de la vie ni\u00e7oise<\/p>\n<p class=\" wall-content\">Sous l\u2019\u00e9gide du procureur de Nice, Damien Martinelli, les enqu\u00eateurs ont pu saisir des documents dans lesquels pr\u00e8s de <strong>800 profils<\/strong> sont mentionn\u00e9s dans un Excel.<\/p>\n<p class=\" wall-content\">Selon les informations de nos confr\u00e8res, on retrouve des \u00ab\u2009personnes \u00e0 responsabilit\u00e9s et de petite notori\u00e9t\u00e9, des figures de la vie ni\u00e7oise et des gens influents\u2009\u00bb. \u00ab\u2009Ils sont pr\u00e9sidents d\u2019association, directeurs d\u2019\u00e9tablissement, responsables de comit\u00e9 de quartier. Mais aussi \u2018agriculteur\u2019, \u2018avocat\u2019, \u2018coiffeur\u2019, \u2018pompier\u2019, \u2018taxi ni\u00e7ois\u2019, \u2018flic\u2019\u00bb, liste Lib\u00e9ration.<\/p>\n<p class=\" wall-content\">\u00c0 c\u00f4t\u00e9 de certains noms, on retrouve des mentions se voulant informative indiquant pour certains noms, le <strong>pays d\u2019origine<\/strong>, la<strong> confession religieuse <\/strong>ou encore un <strong>handicap<\/strong>.<\/p>\n<p>Une enqu\u00eate ouverte depuis mai<\/p>\n<p class=\" wall-content\">Cette perquisition orchestr\u00e9e le mardi 12\u00a0ao\u00fbt s\u2019inscrit dans le cadre d\u2019une enqu\u00eate ouverte par le parquet de Nice depuis le mois de mai\u00a02025 pour des faits pr\u00e9sum\u00e9s \u00ab\u2009d\u2019enregistrement ou conservation de donn\u00e9es \u00e0 caract\u00e8re personnel sensibles sans le consentement des int\u00e9ress\u00e9s\u2009\u00bb.<\/p>\n<p class=\" wall-content\">Sollicit\u00e9 par la r\u00e9daction d\u2019actu Nice, en d\u00e9but de soir\u00e9e ce mardi 12 ao\u00fbt 2025, l\u2019entourage d\u2019<a href=\"https:\/\/actu.fr\/tag\/eric-ciotti\" rel=\"nofollow noopener\" target=\"_blank\">\u00c9ric Ciotti<\/a> n\u2019avait pas r\u00e9pondu \u00e0 l\u2019heure de la publication de cet article.<\/p>\n<p class=\" wall-content\">Suivez toute l\u2019actualit\u00e9 de vos villes et m\u00e9dias favoris en vous inscrivant \u00e0 <a href=\"https:\/\/moncompte.actu.fr\" title=\"D\u00e9couvez Mon Actu\" rel=\"nofollow noopener\" data-trk=\"{&quot;cta&quot;:{&quot;action&quot;:&quot;https:\\\/\\\/moncompte.actu.fr&quot;,&quot;category&quot;:&quot;mon compte&quot;,&quot;from&quot;:&quot;article footer&quot;,&quot;name&quot;:&quot;Mon actu&quot;,&quot;type&quot;:&quot;cta&quot;}}\" target=\"_blank\">Mon Actu<\/a>.<\/p>\n","protected":false},"excerpt":{"rendered":"Par Ugo Maillard Publi\u00e9 le 12 ao\u00fbt 2025 \u00e0 18h48 Une perquisition a \u00e9t\u00e9 men\u00e9e dans les locaux&hellip;\n","protected":false},"author":2,"featured_media":314420,"comment_status":"","ping_status":"","sticky":false,"template":"","format":"standard","meta":{"footnotes":""},"categories":[2819],"tags":[1111,11,6537,1777,674,1011,27,303,12,2401,316,882,25],"class_list":{"0":"post-314419","1":"post","2":"type-post","3":"status-publish","4":"format-standard","5":"has-post-thumbnail","7":"category-nice","8":"tag-actu","9":"tag-actualites","10":"tag-eric-ciotti","11":"tag-eu","12":"tag-europe","13":"tag-fr","14":"tag-france","15":"tag-justice","16":"tag-news","17":"tag-nice","18":"tag-politique","19":"tag-provence-alpes-cote-dazur","20":"tag-republique-francaise"},"share_on_mastodon":{"url":"https:\/\/pubeurope.com\/@fr\/115017009408503365","error":""},"_links":{"self":[{"href":"https:\/\/www.europesays.com\/fr\/wp-json\/wp\/v2\/posts\/314419","targetHints":{"allow":["GET"]}}],"collection":[{"href":"https:\/\/www.europesays.com\/fr\/wp-json\/wp\/v2\/posts"}],"about":[{"href":"https:\/\/www.europesays.com\/fr\/wp-json\/wp\/v2\/types\/post"}],"author":[{"embeddable":true,"href":"https:\/\/www.europesays.com\/fr\/wp-json\/wp\/v2\/users\/2"}],"replies":[{"embeddable":true,"href":"https:\/\/www.europesays.com\/fr\/wp-json\/wp\/v2\/comments?post=314419"}],"version-history":[{"count":0,"href":"https:\/\/www.europesays.com\/fr\/wp-json\/wp\/v2\/posts\/314419\/revisions"}],"wp:featuredmedia":[{"embeddable":true,"href":"https:\/\/www.europesays.com\/fr\/wp-json\/wp\/v2\/media\/314420"}],"wp:attachment":[{"href":"https:\/\/www.europesays.com\/fr\/wp-json\/wp\/v2\/media?parent=314419"}],"wp:term":[{"taxonomy":"category","embeddable":true,"href":"https:\/\/www.europesays.com\/fr\/wp-json\/wp\/v2\/categories?post=314419"},{"taxonomy":"post_tag","embeddable":true,"href":"https:\/\/www.europesays.com\/fr\/wp-json\/wp\/v2\/tags?post=314419"}],"curies":[{"name":"wp","href":"https:\/\/api.w.org\/{rel}","templated":true}]}}